{"id":3006,"date":"2021-11-12T12:20:54","date_gmt":"2021-11-12T11:20:54","guid":{"rendered":"https:\/\/www.la-roque-bandol.com\/le-moulin-de-la-roque-en-photos-remerciements\/"},"modified":"2021-11-12T12:20:54","modified_gmt":"2021-11-12T11:20:54","slug":"le-moulin-de-la-roque-en-photos-remerciements","status":"publish","type":"post","link":"https:\/\/www.la-roque-bandol.com\/en\/le-moulin-de-la-roque-en-photos-remerciements\/","title":{"rendered":"Le Moulin de la Roque en photos &#8211; Remerciements"},"content":{"rendered":"<p>\u00c0 l&#8217;occasion de la sortie de notre nouveau site internet, nous tenions \u00e0 remercier chaleureusement pour leur aide pr\u00e9cieuse <a href=\"https:\/\/www.hotel-berard.com\/fr\/page\/restaurant-gastronomique-provence.25.html\" target=\"_blank\" rel=\"noopener\">le restaurant le Ren\u00e9\u2019Sens \u00e0 la Cadi\u00e8re d\u2019Azur<\/a> et son chef Jean-Fran\u00e7ois BERARD, Guillaume LECOMTE de <a href=\"https:\/\/www.olivesetbeurresale.fr\/\" target=\"_blank\" rel=\"noopener\">Olives et Beurre sal\u00e9 \u00e0 Sanary sur Mer<\/a>, toute l\u2019\u00e9quipe du restaurant <a href=\"http:\/\/www.levinolive.fr\/\" target=\"_blank\" rel=\"noopener\">Vin\u2019Olive au Castellet<\/a> sans oublier <a href=\"https:\/\/www.emmanuel-lepogam.com\/\" target=\"_blank\" rel=\"noopener\">Emmanuel LE POGAM<\/a> sans qui nous n\u2019aurions jamais eu toutes ces belles photos.<\/p>\n<p>Retrouvez toutes les photos \u00e0 travers les pages de notre site ou une s\u00e9lection sur <a href=\"https:\/\/www.la-roque-bandol.com\/galerie-photo\/\">notre page galerie photo en cliquant ici<\/a>.<\/p>\n","protected":false},"excerpt":{"rendered":"<p>\u00c0 l&#8217;occasion de la sortie de notre nouveau site internet, nous tenions \u00e0 remercier chaleureusement pour leur aide pr\u00e9cieuse le restaurant le Ren\u00e9\u2019Sens \u00e0 la Cadi\u00e8re d\u2019Azur et son chef Jean-Fran\u00e7ois BERARD, Guillaume LECOMTE de Olives et Beurre sal\u00e9 \u00e0 Sanary sur Mer, toute l\u2019\u00e9quipe du restaurant Vin\u2019Olive au Castellet sans oublier Emmanuel LE POGAM&hellip;<\/p>\n","protected":false},"author":10,"featured_media":2940,"comment_status":"closed","ping_status":"closed","sticky":false,"template":"","format":"standard","meta":{"_acf_changed":false,"footnotes":""},"categories":[259],"tags":[],"class_list":["post-3006","post","type-post","status-publish","format-standard","has-post-thumbnail","hentry","category-news"],"acf":[],"yoast_head":"<!-- This site is optimized with the Yoast SEO plugin v27.3 - https:\/\/yoast.com\/product\/yoast-seo-wordpress\/ -->\n<title>Le Moulin de la Roque en photos - Remerciements - Moulin de la Roque<\/title>\n<meta name=\"robots\" content=\"index, follow, max-snippet:-1, max-image-preview:large, max-video-preview:-1\" \/>\n<link rel=\"canonical\" href=\"https:\/\/www.la-roque-bandol.com\/en\/le-moulin-de-la-roque-en-photos-remerciements\/\" \/>\n<meta property=\"og:locale\" content=\"en_US\" \/>\n<meta property=\"og:type\" content=\"article\" \/>\n<meta property=\"og:title\" content=\"Le Moulin de la Roque en photos - Remerciements - Moulin de la Roque\" \/>\n<meta property=\"og:description\" content=\"\u00c0 l&#8217;occasion de la sortie de notre nouveau site internet, nous tenions \u00e0 remercier chaleureusement pour leur aide pr\u00e9cieuse le restaurant le Ren\u00e9\u2019Sens \u00e0 la Cadi\u00e8re d\u2019Azur et son chef Jean-Fran\u00e7ois BERARD, Guillaume LECOMTE de Olives et Beurre sal\u00e9 \u00e0 Sanary sur Mer, toute l\u2019\u00e9quipe du restaurant Vin\u2019Olive au Castellet sans oublier Emmanuel LE POGAM&hellip;\" \/>\n<meta property=\"og:url\" content=\"https:\/\/www.la-roque-bandol.com\/en\/le-moulin-de-la-roque-en-photos-remerciements\/\" \/>\n<meta property=\"og:site_name\" content=\"Moulin de la Roque\" \/>\n<meta property=\"article:published_time\" content=\"2021-11-12T11:20:54+00:00\" \/>\n<meta property=\"og:image\" content=\"https:\/\/www.la-roque-bandol.com\/wp-content\/uploads\/2021\/11\/Tarente-rouge-bandol-restaurant-remerciements-actualites.png\" \/>\n\t<meta property=\"og:image:width\" content=\"1200\" \/>\n\t<meta property=\"og:image:height\" content=\"500\" \/>\n\t<meta property=\"og:image:type\" content=\"image\/png\" \/>\n<meta name=\"author\" content=\"Yann G\" \/>\n<meta name=\"twitter:card\" content=\"summary_large_image\" \/>\n<meta name=\"twitter:label1\" content=\"Written by\" \/>\n\t<meta name=\"twitter:data1\" content=\"Yann G\" \/>\n<script type=\"application\/ld+json\" class=\"yoast-schema-graph\">{\"@context\":\"https:\\\/\\\/schema.org\",\"@graph\":[{\"@type\":\"Article\",\"@id\":\"https:\\\/\\\/www.la-roque-bandol.com\\\/en\\\/le-moulin-de-la-roque-en-photos-remerciements\\\/#article\",\"isPartOf\":{\"@id\":\"https:\\\/\\\/www.la-roque-bandol.com\\\/en\\\/le-moulin-de-la-roque-en-photos-remerciements\\\/\"},\"author\":{\"name\":\"Yann G\",\"@id\":\"https:\\\/\\\/www.la-roque-bandol.com\\\/en\\\/#\\\/schema\\\/person\\\/e4b56dbe500b606b1982f7daaa54d4ef\"},\"headline\":\"Le Moulin de la Roque en photos &#8211; Remerciements\",\"datePublished\":\"2021-11-12T11:20:54+00:00\",\"mainEntityOfPage\":{\"@id\":\"https:\\\/\\\/www.la-roque-bandol.com\\\/en\\\/le-moulin-de-la-roque-en-photos-remerciements\\\/\"},\"wordCount\":101,\"image\":{\"@id\":\"https:\\\/\\\/www.la-roque-bandol.com\\\/en\\\/le-moulin-de-la-roque-en-photos-remerciements\\\/#primaryimage\"},\"thumbnailUrl\":\"https:\\\/\\\/www.la-roque-bandol.com\\\/wp-content\\\/uploads\\\/2021\\\/11\\\/Tarente-rouge-bandol-restaurant-remerciements-actualites.png\",\"articleSection\":[\"News\"],\"inLanguage\":\"en-US\"},{\"@type\":\"WebPage\",\"@id\":\"https:\\\/\\\/www.la-roque-bandol.com\\\/en\\\/le-moulin-de-la-roque-en-photos-remerciements\\\/\",\"url\":\"https:\\\/\\\/www.la-roque-bandol.com\\\/en\\\/le-moulin-de-la-roque-en-photos-remerciements\\\/\",\"name\":\"Le Moulin de la Roque en photos - Remerciements - Moulin de la Roque\",\"isPartOf\":{\"@id\":\"https:\\\/\\\/www.la-roque-bandol.com\\\/en\\\/#website\"},\"primaryImageOfPage\":{\"@id\":\"https:\\\/\\\/www.la-roque-bandol.com\\\/en\\\/le-moulin-de-la-roque-en-photos-remerciements\\\/#primaryimage\"},\"image\":{\"@id\":\"https:\\\/\\\/www.la-roque-bandol.com\\\/en\\\/le-moulin-de-la-roque-en-photos-remerciements\\\/#primaryimage\"},\"thumbnailUrl\":\"https:\\\/\\\/www.la-roque-bandol.com\\\/wp-content\\\/uploads\\\/2021\\\/11\\\/Tarente-rouge-bandol-restaurant-remerciements-actualites.png\",\"datePublished\":\"2021-11-12T11:20:54+00:00\",\"author\":{\"@id\":\"https:\\\/\\\/www.la-roque-bandol.com\\\/en\\\/#\\\/schema\\\/person\\\/e4b56dbe500b606b1982f7daaa54d4ef\"},\"breadcrumb\":{\"@id\":\"https:\\\/\\\/www.la-roque-bandol.com\\\/en\\\/le-moulin-de-la-roque-en-photos-remerciements\\\/#breadcrumb\"},\"inLanguage\":\"en-US\",\"potentialAction\":[{\"@type\":\"ReadAction\",\"target\":[\"https:\\\/\\\/www.la-roque-bandol.com\\\/en\\\/le-moulin-de-la-roque-en-photos-remerciements\\\/\"]}]},{\"@type\":\"ImageObject\",\"inLanguage\":\"en-US\",\"@id\":\"https:\\\/\\\/www.la-roque-bandol.com\\\/en\\\/le-moulin-de-la-roque-en-photos-remerciements\\\/#primaryimage\",\"url\":\"https:\\\/\\\/www.la-roque-bandol.com\\\/wp-content\\\/uploads\\\/2021\\\/11\\\/Tarente-rouge-bandol-restaurant-remerciements-actualites.png\",\"contentUrl\":\"https:\\\/\\\/www.la-roque-bandol.com\\\/wp-content\\\/uploads\\\/2021\\\/11\\\/Tarente-rouge-bandol-restaurant-remerciements-actualites.png\",\"width\":1200,\"height\":500,\"caption\":\"Accord Tarente rouge carr\u00e9 d'agneau - restaurant\"},{\"@type\":\"BreadcrumbList\",\"@id\":\"https:\\\/\\\/www.la-roque-bandol.com\\\/en\\\/le-moulin-de-la-roque-en-photos-remerciements\\\/#breadcrumb\",\"itemListElement\":[{\"@type\":\"ListItem\",\"position\":1,\"name\":\"Accueil\",\"item\":\"https:\\\/\\\/www.la-roque-bandol.com\\\/en\\\/\"},{\"@type\":\"ListItem\",\"position\":2,\"name\":\"Le Moulin de la Roque en photos &#8211; Remerciements\"}]},{\"@type\":\"WebSite\",\"@id\":\"https:\\\/\\\/www.la-roque-bandol.com\\\/en\\\/#website\",\"url\":\"https:\\\/\\\/www.la-roque-bandol.com\\\/en\\\/\",\"name\":\"Moulin de la Roque\",\"description\":\"\",\"potentialAction\":[{\"@type\":\"SearchAction\",\"target\":{\"@type\":\"EntryPoint\",\"urlTemplate\":\"https:\\\/\\\/www.la-roque-bandol.com\\\/en\\\/?s={search_term_string}\"},\"query-input\":{\"@type\":\"PropertyValueSpecification\",\"valueRequired\":true,\"valueName\":\"search_term_string\"}}],\"inLanguage\":\"en-US\"},{\"@type\":\"Person\",\"@id\":\"https:\\\/\\\/www.la-roque-bandol.com\\\/en\\\/#\\\/schema\\\/person\\\/e4b56dbe500b606b1982f7daaa54d4ef\",\"name\":\"Yann G\",\"image\":{\"@type\":\"ImageObject\",\"inLanguage\":\"en-US\",\"@id\":\"https:\\\/\\\/secure.gravatar.com\\\/avatar\\\/0a4fd7511b6aaeccf55392b5f5f3e3a431cef58434a5643e86ba7f3399e78260?s=96&d=mm&r=g\",\"url\":\"https:\\\/\\\/secure.gravatar.com\\\/avatar\\\/0a4fd7511b6aaeccf55392b5f5f3e3a431cef58434a5643e86ba7f3399e78260?s=96&d=mm&r=g\",\"contentUrl\":\"https:\\\/\\\/secure.gravatar.com\\\/avatar\\\/0a4fd7511b6aaeccf55392b5f5f3e3a431cef58434a5643e86ba7f3399e78260?s=96&d=mm&r=g\",\"caption\":\"Yann G\"}}]}<\/script>\n<!-- \/ Yoast SEO plugin. -->","yoast_head_json":{"title":"Le Moulin de la Roque en photos - Remerciements - Moulin de la Roque","robots":{"index":"index","follow":"follow","max-snippet":"max-snippet:-1","max-image-preview":"max-image-preview:large","max-video-preview":"max-video-preview:-1"},"canonical":"https:\/\/www.la-roque-bandol.com\/en\/le-moulin-de-la-roque-en-photos-remerciements\/","og_locale":"en_US","og_type":"article","og_title":"Le Moulin de la Roque en photos - Remerciements - Moulin de la Roque","og_description":"\u00c0 l&#8217;occasion de la sortie de notre nouveau site internet, nous tenions \u00e0 remercier chaleureusement pour leur aide pr\u00e9cieuse le restaurant le Ren\u00e9\u2019Sens \u00e0 la Cadi\u00e8re d\u2019Azur et son chef Jean-Fran\u00e7ois BERARD, Guillaume LECOMTE de Olives et Beurre sal\u00e9 \u00e0 Sanary sur Mer, toute l\u2019\u00e9quipe du restaurant Vin\u2019Olive au Castellet sans oublier Emmanuel LE POGAM&hellip;","og_url":"https:\/\/www.la-roque-bandol.com\/en\/le-moulin-de-la-roque-en-photos-remerciements\/","og_site_name":"Moulin de la Roque","article_published_time":"2021-11-12T11:20:54+00:00","og_image":[{"width":1200,"height":500,"url":"https:\/\/www.la-roque-bandol.com\/wp-content\/uploads\/2021\/11\/Tarente-rouge-bandol-restaurant-remerciements-actualites.png","type":"image\/png"}],"author":"Yann G","twitter_card":"summary_large_image","twitter_misc":{"Written by":"Yann G"},"schema":{"@context":"https:\/\/schema.org","@graph":[{"@type":"Article","@id":"https:\/\/www.la-roque-bandol.com\/en\/le-moulin-de-la-roque-en-photos-remerciements\/#article","isPartOf":{"@id":"https:\/\/www.la-roque-bandol.com\/en\/le-moulin-de-la-roque-en-photos-remerciements\/"},"author":{"name":"Yann G","@id":"https:\/\/www.la-roque-bandol.com\/en\/#\/schema\/person\/e4b56dbe500b606b1982f7daaa54d4ef"},"headline":"Le Moulin de la Roque en photos &#8211; Remerciements","datePublished":"2021-11-12T11:20:54+00:00","mainEntityOfPage":{"@id":"https:\/\/www.la-roque-bandol.com\/en\/le-moulin-de-la-roque-en-photos-remerciements\/"},"wordCount":101,"image":{"@id":"https:\/\/www.la-roque-bandol.com\/en\/le-moulin-de-la-roque-en-photos-remerciements\/#primaryimage"},"thumbnailUrl":"https:\/\/www.la-roque-bandol.com\/wp-content\/uploads\/2021\/11\/Tarente-rouge-bandol-restaurant-remerciements-actualites.png","articleSection":["News"],"inLanguage":"en-US"},{"@type":"WebPage","@id":"https:\/\/www.la-roque-bandol.com\/en\/le-moulin-de-la-roque-en-photos-remerciements\/","url":"https:\/\/www.la-roque-bandol.com\/en\/le-moulin-de-la-roque-en-photos-remerciements\/","name":"Le Moulin de la Roque en photos - Remerciements - Moulin de la Roque","isPartOf":{"@id":"https:\/\/www.la-roque-bandol.com\/en\/#website"},"primaryImageOfPage":{"@id":"https:\/\/www.la-roque-bandol.com\/en\/le-moulin-de-la-roque-en-photos-remerciements\/#primaryimage"},"image":{"@id":"https:\/\/www.la-roque-bandol.com\/en\/le-moulin-de-la-roque-en-photos-remerciements\/#primaryimage"},"thumbnailUrl":"https:\/\/www.la-roque-bandol.com\/wp-content\/uploads\/2021\/11\/Tarente-rouge-bandol-restaurant-remerciements-actualites.png","datePublished":"2021-11-12T11:20:54+00:00","author":{"@id":"https:\/\/www.la-roque-bandol.com\/en\/#\/schema\/person\/e4b56dbe500b606b1982f7daaa54d4ef"},"breadcrumb":{"@id":"https:\/\/www.la-roque-bandol.com\/en\/le-moulin-de-la-roque-en-photos-remerciements\/#breadcrumb"},"inLanguage":"en-US","potentialAction":[{"@type":"ReadAction","target":["https:\/\/www.la-roque-bandol.com\/en\/le-moulin-de-la-roque-en-photos-remerciements\/"]}]},{"@type":"ImageObject","inLanguage":"en-US","@id":"https:\/\/www.la-roque-bandol.com\/en\/le-moulin-de-la-roque-en-photos-remerciements\/#primaryimage","url":"https:\/\/www.la-roque-bandol.com\/wp-content\/uploads\/2021\/11\/Tarente-rouge-bandol-restaurant-remerciements-actualites.png","contentUrl":"https:\/\/www.la-roque-bandol.com\/wp-content\/uploads\/2021\/11\/Tarente-rouge-bandol-restaurant-remerciements-actualites.png","width":1200,"height":500,"caption":"Accord Tarente rouge carr\u00e9 d'agneau - restaurant"},{"@type":"BreadcrumbList","@id":"https:\/\/www.la-roque-bandol.com\/en\/le-moulin-de-la-roque-en-photos-remerciements\/#breadcrumb","itemListElement":[{"@type":"ListItem","position":1,"name":"Accueil","item":"https:\/\/www.la-roque-bandol.com\/en\/"},{"@type":"ListItem","position":2,"name":"Le Moulin de la Roque en photos &#8211; Remerciements"}]},{"@type":"WebSite","@id":"https:\/\/www.la-roque-bandol.com\/en\/#website","url":"https:\/\/www.la-roque-bandol.com\/en\/","name":"Moulin de la Roque","description":"","potentialAction":[{"@type":"SearchAction","target":{"@type":"EntryPoint","urlTemplate":"https:\/\/www.la-roque-bandol.com\/en\/?s={search_term_string}"},"query-input":{"@type":"PropertyValueSpecification","valueRequired":true,"valueName":"search_term_string"}}],"inLanguage":"en-US"},{"@type":"Person","@id":"https:\/\/www.la-roque-bandol.com\/en\/#\/schema\/person\/e4b56dbe500b606b1982f7daaa54d4ef","name":"Yann G","image":{"@type":"ImageObject","inLanguage":"en-US","@id":"https:\/\/secure.gravatar.com\/avatar\/0a4fd7511b6aaeccf55392b5f5f3e3a431cef58434a5643e86ba7f3399e78260?s=96&d=mm&r=g","url":"https:\/\/secure.gravatar.com\/avatar\/0a4fd7511b6aaeccf55392b5f5f3e3a431cef58434a5643e86ba7f3399e78260?s=96&d=mm&r=g","contentUrl":"https:\/\/secure.gravatar.com\/avatar\/0a4fd7511b6aaeccf55392b5f5f3e3a431cef58434a5643e86ba7f3399e78260?s=96&d=mm&r=g","caption":"Yann G"}}]}},"_links":{"self":[{"href":"https:\/\/www.la-roque-bandol.com\/en\/wp-json\/wp\/v2\/posts\/3006","targetHints":{"allow":["GET"]}}],"collection":[{"href":"https:\/\/www.la-roque-bandol.com\/en\/wp-json\/wp\/v2\/posts"}],"about":[{"href":"https:\/\/www.la-roque-bandol.com\/en\/wp-json\/wp\/v2\/types\/post"}],"author":[{"embeddable":true,"href":"https:\/\/www.la-roque-bandol.com\/en\/wp-json\/wp\/v2\/users\/10"}],"replies":[{"embeddable":true,"href":"https:\/\/www.la-roque-bandol.com\/en\/wp-json\/wp\/v2\/comments?post=3006"}],"version-history":[{"count":0,"href":"https:\/\/www.la-roque-bandol.com\/en\/wp-json\/wp\/v2\/posts\/3006\/revisions"}],"wp:featuredmedia":[{"embeddable":true,"href":"https:\/\/www.la-roque-bandol.com\/en\/wp-json\/wp\/v2\/media\/2940"}],"wp:attachment":[{"href":"https:\/\/www.la-roque-bandol.com\/en\/wp-json\/wp\/v2\/media?parent=3006"}],"wp:term":[{"taxonomy":"category","embeddable":true,"href":"https:\/\/www.la-roque-bandol.com\/en\/wp-json\/wp\/v2\/categories?post=3006"},{"taxonomy":"post_tag","embeddable":true,"href":"https:\/\/www.la-roque-bandol.com\/en\/wp-json\/wp\/v2\/tags?post=3006"}],"curies":[{"name":"wp","href":"https:\/\/api.w.org\/{rel}","templated":true}]}}