{"id":3003,"date":"2021-11-12T12:20:19","date_gmt":"2021-11-12T11:20:19","guid":{"rendered":"https:\/\/www.la-roque-bandol.com\/le-domaine-des-capelaniers-se-convertit-a-lagriculture-biologique\/"},"modified":"2021-11-12T12:20:19","modified_gmt":"2021-11-12T11:20:19","slug":"le-domaine-des-capelaniers-se-convertit-a-lagriculture-biologique","status":"publish","type":"post","link":"https:\/\/www.la-roque-bandol.com\/en\/le-domaine-des-capelaniers-se-convertit-a-lagriculture-biologique\/","title":{"rendered":"Le Domaine des Cap\u00e9laniers se convertit \u00e0 l&#8217;Agriculture Biologique"},"content":{"rendered":"<p><img decoding=\"async\" class=\"wp-image-2712 aligncenter\" src=\"https:\/\/www.la-roque-bandol.com\/wp-content\/uploads\/2021\/11\/Logo-Agriculture-biologique-300x131.png\" alt=\"Domaine des Cap\u00e9laniers Bio\" width=\"145\" height=\"63\" srcset=\"https:\/\/www.la-roque-bandol.com\/wp-content\/uploads\/2021\/11\/Logo-Agriculture-biologique-300x131.png 300w, https:\/\/www.la-roque-bandol.com\/wp-content\/uploads\/2021\/11\/Logo-Agriculture-biologique.png 355w\" sizes=\"(max-width: 145px) 100vw, 145px\" \/><\/p>\n<p>Produire un vin biologique c\u2019est, par des pratiques culturales et des modes de vinification et d\u2019\u00e9levage des vins, limiter l\u2019usage de produits en favorisant un meilleur \u00e9quilibre de la vigne, des raisins et des vins.<\/p>\n<p>Ceci passe par le respect de cahiers des charges pour la production de raisins et depuis la r\u00e9colte 2012 pour la vinification, l\u2019\u00e9levage et le traitement des vins. L\u2019application du r\u00e8glement europ\u00e9en est contr\u00f4l\u00e9e annuellement par des organismes certificateurs.<\/p>\n<p>Produire en agriculture biologique, c\u2019est avant tout une d\u00e9marche humaine, une d\u00e9cision qui va amener \u00e0 se poser la question de l\u2019agriculture de demain.<\/p>\n<p>Le Domaine des Cap\u00e9laniers a fait le choix de passer exclusivement en agriculture biologique sur la totalit\u00e9 de son exploitation.<\/p>\n<p>Le chemin est long puisqu\u2019il faut 3 ann\u00e9es de conversion avant de pouvoir obtenir la certification.<\/p>\n<p>Il vous faudra donc \u00eatre patients, les 1\u00e8res bouteilles de Bandol Bio du Domaine des Cap\u00e9laniers n\u2019arriveront dans notre cave qu\u2019avec la r\u00e9colte 2024 !<\/p>\n<p>Retrouvez tous les <a href=\"https:\/\/www.la-roque-bandol.com\/boutique\/?filter_cat_1=276&amp;wpf_count=12\">vins du Domaine des Cap\u00e9laniers en vente sur notre site<\/a>.<\/p>\n","protected":false},"excerpt":{"rendered":"<p>Produire un vin biologique c\u2019est, par des pratiques culturales et des modes de vinification et d\u2019\u00e9levage des vins, limiter l\u2019usage de produits en favorisant un meilleur \u00e9quilibre de la vigne, des raisins et des vins. Ceci passe par le respect de cahiers des charges pour la production de raisins et depuis la r\u00e9colte 2012 pour&hellip;<\/p>\n","protected":false},"author":10,"featured_media":2453,"comment_status":"closed","ping_status":"closed","sticky":false,"template":"","format":"standard","meta":{"_acf_changed":false,"footnotes":""},"categories":[259],"tags":[],"class_list":["post-3003","post","type-post","status-publish","format-standard","has-post-thumbnail","hentry","category-news"],"acf":[],"yoast_head":"<!-- This site is optimized with the Yoast SEO plugin v27.3 - https:\/\/yoast.com\/product\/yoast-seo-wordpress\/ -->\n<title>Le Domaine des Cap\u00e9laniers se convertit \u00e0 l&#039;Agriculture Biologique - Moulin de la Roque<\/title>\n<meta name=\"robots\" content=\"index, follow, max-snippet:-1, max-image-preview:large, max-video-preview:-1\" \/>\n<link rel=\"canonical\" href=\"https:\/\/www.la-roque-bandol.com\/en\/le-domaine-des-capelaniers-se-convertit-a-lagriculture-biologique\/\" \/>\n<meta property=\"og:locale\" content=\"en_US\" \/>\n<meta property=\"og:type\" content=\"article\" \/>\n<meta property=\"og:title\" content=\"Le Domaine des Cap\u00e9laniers se convertit \u00e0 l&#039;Agriculture Biologique - Moulin de la Roque\" \/>\n<meta property=\"og:description\" content=\"Produire un vin biologique c\u2019est, par des pratiques culturales et des modes de vinification et d\u2019\u00e9levage des vins, limiter l\u2019usage de produits en favorisant un meilleur \u00e9quilibre de la vigne, des raisins et des vins. Ceci passe par le respect de cahiers des charges pour la production de raisins et depuis la r\u00e9colte 2012 pour&hellip;\" \/>\n<meta property=\"og:url\" content=\"https:\/\/www.la-roque-bandol.com\/en\/le-domaine-des-capelaniers-se-convertit-a-lagriculture-biologique\/\" \/>\n<meta property=\"og:site_name\" content=\"Moulin de la Roque\" \/>\n<meta property=\"article:published_time\" content=\"2021-11-12T11:20:19+00:00\" \/>\n<meta property=\"og:image\" content=\"https:\/\/www.la-roque-bandol.com\/wp-content\/uploads\/2021\/11\/Domaine-des-capelaniers-vins-de-bandol.png\" \/>\n\t<meta property=\"og:image:width\" content=\"400\" \/>\n\t<meta property=\"og:image:height\" content=\"500\" \/>\n\t<meta property=\"og:image:type\" content=\"image\/png\" \/>\n<meta name=\"author\" content=\"Yann G\" \/>\n<meta name=\"twitter:card\" content=\"summary_large_image\" \/>\n<meta name=\"twitter:label1\" content=\"Written by\" \/>\n\t<meta name=\"twitter:data1\" content=\"Yann G\" \/>\n\t<meta name=\"twitter:label2\" content=\"Est. reading time\" \/>\n\t<meta name=\"twitter:data2\" content=\"1 minute\" \/>\n<script type=\"application\/ld+json\" class=\"yoast-schema-graph\">{\"@context\":\"https:\\\/\\\/schema.org\",\"@graph\":[{\"@type\":\"Article\",\"@id\":\"https:\\\/\\\/www.la-roque-bandol.com\\\/en\\\/le-domaine-des-capelaniers-se-convertit-a-lagriculture-biologique\\\/#article\",\"isPartOf\":{\"@id\":\"https:\\\/\\\/www.la-roque-bandol.com\\\/en\\\/le-domaine-des-capelaniers-se-convertit-a-lagriculture-biologique\\\/\"},\"author\":{\"name\":\"Yann G\",\"@id\":\"https:\\\/\\\/www.la-roque-bandol.com\\\/en\\\/#\\\/schema\\\/person\\\/e4b56dbe500b606b1982f7daaa54d4ef\"},\"headline\":\"Le Domaine des Cap\u00e9laniers se convertit \u00e0 l&#8217;Agriculture Biologique\",\"datePublished\":\"2021-11-12T11:20:19+00:00\",\"mainEntityOfPage\":{\"@id\":\"https:\\\/\\\/www.la-roque-bandol.com\\\/en\\\/le-domaine-des-capelaniers-se-convertit-a-lagriculture-biologique\\\/\"},\"wordCount\":199,\"image\":{\"@id\":\"https:\\\/\\\/www.la-roque-bandol.com\\\/en\\\/le-domaine-des-capelaniers-se-convertit-a-lagriculture-biologique\\\/#primaryimage\"},\"thumbnailUrl\":\"https:\\\/\\\/www.la-roque-bandol.com\\\/wp-content\\\/uploads\\\/2021\\\/11\\\/Domaine-des-capelaniers-vins-de-bandol.png\",\"articleSection\":[\"News\"],\"inLanguage\":\"en-US\"},{\"@type\":\"WebPage\",\"@id\":\"https:\\\/\\\/www.la-roque-bandol.com\\\/en\\\/le-domaine-des-capelaniers-se-convertit-a-lagriculture-biologique\\\/\",\"url\":\"https:\\\/\\\/www.la-roque-bandol.com\\\/en\\\/le-domaine-des-capelaniers-se-convertit-a-lagriculture-biologique\\\/\",\"name\":\"Le Domaine des Cap\u00e9laniers se convertit \u00e0 l'Agriculture Biologique - Moulin de la Roque\",\"isPartOf\":{\"@id\":\"https:\\\/\\\/www.la-roque-bandol.com\\\/en\\\/#website\"},\"primaryImageOfPage\":{\"@id\":\"https:\\\/\\\/www.la-roque-bandol.com\\\/en\\\/le-domaine-des-capelaniers-se-convertit-a-lagriculture-biologique\\\/#primaryimage\"},\"image\":{\"@id\":\"https:\\\/\\\/www.la-roque-bandol.com\\\/en\\\/le-domaine-des-capelaniers-se-convertit-a-lagriculture-biologique\\\/#primaryimage\"},\"thumbnailUrl\":\"https:\\\/\\\/www.la-roque-bandol.com\\\/wp-content\\\/uploads\\\/2021\\\/11\\\/Domaine-des-capelaniers-vins-de-bandol.png\",\"datePublished\":\"2021-11-12T11:20:19+00:00\",\"author\":{\"@id\":\"https:\\\/\\\/www.la-roque-bandol.com\\\/en\\\/#\\\/schema\\\/person\\\/e4b56dbe500b606b1982f7daaa54d4ef\"},\"breadcrumb\":{\"@id\":\"https:\\\/\\\/www.la-roque-bandol.com\\\/en\\\/le-domaine-des-capelaniers-se-convertit-a-lagriculture-biologique\\\/#breadcrumb\"},\"inLanguage\":\"en-US\",\"potentialAction\":[{\"@type\":\"ReadAction\",\"target\":[\"https:\\\/\\\/www.la-roque-bandol.com\\\/en\\\/le-domaine-des-capelaniers-se-convertit-a-lagriculture-biologique\\\/\"]}]},{\"@type\":\"ImageObject\",\"inLanguage\":\"en-US\",\"@id\":\"https:\\\/\\\/www.la-roque-bandol.com\\\/en\\\/le-domaine-des-capelaniers-se-convertit-a-lagriculture-biologique\\\/#primaryimage\",\"url\":\"https:\\\/\\\/www.la-roque-bandol.com\\\/wp-content\\\/uploads\\\/2021\\\/11\\\/Domaine-des-capelaniers-vins-de-bandol.png\",\"contentUrl\":\"https:\\\/\\\/www.la-roque-bandol.com\\\/wp-content\\\/uploads\\\/2021\\\/11\\\/Domaine-des-capelaniers-vins-de-bandol.png\",\"width\":400,\"height\":500,\"caption\":\"Domaine des Capelaniers\"},{\"@type\":\"BreadcrumbList\",\"@id\":\"https:\\\/\\\/www.la-roque-bandol.com\\\/en\\\/le-domaine-des-capelaniers-se-convertit-a-lagriculture-biologique\\\/#breadcrumb\",\"itemListElement\":[{\"@type\":\"ListItem\",\"position\":1,\"name\":\"Accueil\",\"item\":\"https:\\\/\\\/www.la-roque-bandol.com\\\/en\\\/\"},{\"@type\":\"ListItem\",\"position\":2,\"name\":\"Le Domaine des Cap\u00e9laniers se convertit \u00e0 l&#8217;Agriculture Biologique\"}]},{\"@type\":\"WebSite\",\"@id\":\"https:\\\/\\\/www.la-roque-bandol.com\\\/en\\\/#website\",\"url\":\"https:\\\/\\\/www.la-roque-bandol.com\\\/en\\\/\",\"name\":\"Moulin de la Roque\",\"description\":\"\",\"potentialAction\":[{\"@type\":\"SearchAction\",\"target\":{\"@type\":\"EntryPoint\",\"urlTemplate\":\"https:\\\/\\\/www.la-roque-bandol.com\\\/en\\\/?s={search_term_string}\"},\"query-input\":{\"@type\":\"PropertyValueSpecification\",\"valueRequired\":true,\"valueName\":\"search_term_string\"}}],\"inLanguage\":\"en-US\"},{\"@type\":\"Person\",\"@id\":\"https:\\\/\\\/www.la-roque-bandol.com\\\/en\\\/#\\\/schema\\\/person\\\/e4b56dbe500b606b1982f7daaa54d4ef\",\"name\":\"Yann G\",\"image\":{\"@type\":\"ImageObject\",\"inLanguage\":\"en-US\",\"@id\":\"https:\\\/\\\/secure.gravatar.com\\\/avatar\\\/0a4fd7511b6aaeccf55392b5f5f3e3a431cef58434a5643e86ba7f3399e78260?s=96&d=mm&r=g\",\"url\":\"https:\\\/\\\/secure.gravatar.com\\\/avatar\\\/0a4fd7511b6aaeccf55392b5f5f3e3a431cef58434a5643e86ba7f3399e78260?s=96&d=mm&r=g\",\"contentUrl\":\"https:\\\/\\\/secure.gravatar.com\\\/avatar\\\/0a4fd7511b6aaeccf55392b5f5f3e3a431cef58434a5643e86ba7f3399e78260?s=96&d=mm&r=g\",\"caption\":\"Yann G\"}}]}<\/script>\n<!-- \/ Yoast SEO plugin. -->","yoast_head_json":{"title":"Le Domaine des Cap\u00e9laniers se convertit \u00e0 l'Agriculture Biologique - Moulin de la Roque","robots":{"index":"index","follow":"follow","max-snippet":"max-snippet:-1","max-image-preview":"max-image-preview:large","max-video-preview":"max-video-preview:-1"},"canonical":"https:\/\/www.la-roque-bandol.com\/en\/le-domaine-des-capelaniers-se-convertit-a-lagriculture-biologique\/","og_locale":"en_US","og_type":"article","og_title":"Le Domaine des Cap\u00e9laniers se convertit \u00e0 l'Agriculture Biologique - Moulin de la Roque","og_description":"Produire un vin biologique c\u2019est, par des pratiques culturales et des modes de vinification et d\u2019\u00e9levage des vins, limiter l\u2019usage de produits en favorisant un meilleur \u00e9quilibre de la vigne, des raisins et des vins. Ceci passe par le respect de cahiers des charges pour la production de raisins et depuis la r\u00e9colte 2012 pour&hellip;","og_url":"https:\/\/www.la-roque-bandol.com\/en\/le-domaine-des-capelaniers-se-convertit-a-lagriculture-biologique\/","og_site_name":"Moulin de la Roque","article_published_time":"2021-11-12T11:20:19+00:00","og_image":[{"width":400,"height":500,"url":"https:\/\/www.la-roque-bandol.com\/wp-content\/uploads\/2021\/11\/Domaine-des-capelaniers-vins-de-bandol.png","type":"image\/png"}],"author":"Yann G","twitter_card":"summary_large_image","twitter_misc":{"Written by":"Yann G","Est. reading time":"1 minute"},"schema":{"@context":"https:\/\/schema.org","@graph":[{"@type":"Article","@id":"https:\/\/www.la-roque-bandol.com\/en\/le-domaine-des-capelaniers-se-convertit-a-lagriculture-biologique\/#article","isPartOf":{"@id":"https:\/\/www.la-roque-bandol.com\/en\/le-domaine-des-capelaniers-se-convertit-a-lagriculture-biologique\/"},"author":{"name":"Yann G","@id":"https:\/\/www.la-roque-bandol.com\/en\/#\/schema\/person\/e4b56dbe500b606b1982f7daaa54d4ef"},"headline":"Le Domaine des Cap\u00e9laniers se convertit \u00e0 l&#8217;Agriculture Biologique","datePublished":"2021-11-12T11:20:19+00:00","mainEntityOfPage":{"@id":"https:\/\/www.la-roque-bandol.com\/en\/le-domaine-des-capelaniers-se-convertit-a-lagriculture-biologique\/"},"wordCount":199,"image":{"@id":"https:\/\/www.la-roque-bandol.com\/en\/le-domaine-des-capelaniers-se-convertit-a-lagriculture-biologique\/#primaryimage"},"thumbnailUrl":"https:\/\/www.la-roque-bandol.com\/wp-content\/uploads\/2021\/11\/Domaine-des-capelaniers-vins-de-bandol.png","articleSection":["News"],"inLanguage":"en-US"},{"@type":"WebPage","@id":"https:\/\/www.la-roque-bandol.com\/en\/le-domaine-des-capelaniers-se-convertit-a-lagriculture-biologique\/","url":"https:\/\/www.la-roque-bandol.com\/en\/le-domaine-des-capelaniers-se-convertit-a-lagriculture-biologique\/","name":"Le Domaine des Cap\u00e9laniers se convertit \u00e0 l'Agriculture Biologique - Moulin de la Roque","isPartOf":{"@id":"https:\/\/www.la-roque-bandol.com\/en\/#website"},"primaryImageOfPage":{"@id":"https:\/\/www.la-roque-bandol.com\/en\/le-domaine-des-capelaniers-se-convertit-a-lagriculture-biologique\/#primaryimage"},"image":{"@id":"https:\/\/www.la-roque-bandol.com\/en\/le-domaine-des-capelaniers-se-convertit-a-lagriculture-biologique\/#primaryimage"},"thumbnailUrl":"https:\/\/www.la-roque-bandol.com\/wp-content\/uploads\/2021\/11\/Domaine-des-capelaniers-vins-de-bandol.png","datePublished":"2021-11-12T11:20:19+00:00","author":{"@id":"https:\/\/www.la-roque-bandol.com\/en\/#\/schema\/person\/e4b56dbe500b606b1982f7daaa54d4ef"},"breadcrumb":{"@id":"https:\/\/www.la-roque-bandol.com\/en\/le-domaine-des-capelaniers-se-convertit-a-lagriculture-biologique\/#breadcrumb"},"inLanguage":"en-US","potentialAction":[{"@type":"ReadAction","target":["https:\/\/www.la-roque-bandol.com\/en\/le-domaine-des-capelaniers-se-convertit-a-lagriculture-biologique\/"]}]},{"@type":"ImageObject","inLanguage":"en-US","@id":"https:\/\/www.la-roque-bandol.com\/en\/le-domaine-des-capelaniers-se-convertit-a-lagriculture-biologique\/#primaryimage","url":"https:\/\/www.la-roque-bandol.com\/wp-content\/uploads\/2021\/11\/Domaine-des-capelaniers-vins-de-bandol.png","contentUrl":"https:\/\/www.la-roque-bandol.com\/wp-content\/uploads\/2021\/11\/Domaine-des-capelaniers-vins-de-bandol.png","width":400,"height":500,"caption":"Domaine des Capelaniers"},{"@type":"BreadcrumbList","@id":"https:\/\/www.la-roque-bandol.com\/en\/le-domaine-des-capelaniers-se-convertit-a-lagriculture-biologique\/#breadcrumb","itemListElement":[{"@type":"ListItem","position":1,"name":"Accueil","item":"https:\/\/www.la-roque-bandol.com\/en\/"},{"@type":"ListItem","position":2,"name":"Le Domaine des Cap\u00e9laniers se convertit \u00e0 l&#8217;Agriculture Biologique"}]},{"@type":"WebSite","@id":"https:\/\/www.la-roque-bandol.com\/en\/#website","url":"https:\/\/www.la-roque-bandol.com\/en\/","name":"Moulin de la Roque","description":"","potentialAction":[{"@type":"SearchAction","target":{"@type":"EntryPoint","urlTemplate":"https:\/\/www.la-roque-bandol.com\/en\/?s={search_term_string}"},"query-input":{"@type":"PropertyValueSpecification","valueRequired":true,"valueName":"search_term_string"}}],"inLanguage":"en-US"},{"@type":"Person","@id":"https:\/\/www.la-roque-bandol.com\/en\/#\/schema\/person\/e4b56dbe500b606b1982f7daaa54d4ef","name":"Yann G","image":{"@type":"ImageObject","inLanguage":"en-US","@id":"https:\/\/secure.gravatar.com\/avatar\/0a4fd7511b6aaeccf55392b5f5f3e3a431cef58434a5643e86ba7f3399e78260?s=96&d=mm&r=g","url":"https:\/\/secure.gravatar.com\/avatar\/0a4fd7511b6aaeccf55392b5f5f3e3a431cef58434a5643e86ba7f3399e78260?s=96&d=mm&r=g","contentUrl":"https:\/\/secure.gravatar.com\/avatar\/0a4fd7511b6aaeccf55392b5f5f3e3a431cef58434a5643e86ba7f3399e78260?s=96&d=mm&r=g","caption":"Yann G"}}]}},"_links":{"self":[{"href":"https:\/\/www.la-roque-bandol.com\/en\/wp-json\/wp\/v2\/posts\/3003","targetHints":{"allow":["GET"]}}],"collection":[{"href":"https:\/\/www.la-roque-bandol.com\/en\/wp-json\/wp\/v2\/posts"}],"about":[{"href":"https:\/\/www.la-roque-bandol.com\/en\/wp-json\/wp\/v2\/types\/post"}],"author":[{"embeddable":true,"href":"https:\/\/www.la-roque-bandol.com\/en\/wp-json\/wp\/v2\/users\/10"}],"replies":[{"embeddable":true,"href":"https:\/\/www.la-roque-bandol.com\/en\/wp-json\/wp\/v2\/comments?post=3003"}],"version-history":[{"count":0,"href":"https:\/\/www.la-roque-bandol.com\/en\/wp-json\/wp\/v2\/posts\/3003\/revisions"}],"wp:featuredmedia":[{"embeddable":true,"href":"https:\/\/www.la-roque-bandol.com\/en\/wp-json\/wp\/v2\/media\/2453"}],"wp:attachment":[{"href":"https:\/\/www.la-roque-bandol.com\/en\/wp-json\/wp\/v2\/media?parent=3003"}],"wp:term":[{"taxonomy":"category","embeddable":true,"href":"https:\/\/www.la-roque-bandol.com\/en\/wp-json\/wp\/v2\/categories?post=3003"},{"taxonomy":"post_tag","embeddable":true,"href":"https:\/\/www.la-roque-bandol.com\/en\/wp-json\/wp\/v2\/tags?post=3003"}],"curies":[{"name":"wp","href":"https:\/\/api.w.org\/{rel}","templated":true}]}}