{"id":3002,"date":"2021-11-12T12:19:34","date_gmt":"2021-11-12T11:19:34","guid":{"rendered":"https:\/\/www.la-roque-bandol.com\/le-moulin-de-la-roque-adopte-une-nouvelle-identite\/"},"modified":"2021-11-12T12:19:34","modified_gmt":"2021-11-12T11:19:34","slug":"le-moulin-de-la-roque-adopte-une-nouvelle-identite","status":"publish","type":"post","link":"https:\/\/www.la-roque-bandol.com\/en\/le-moulin-de-la-roque-adopte-une-nouvelle-identite\/","title":{"rendered":"Le Moulin de la Roque adopte une nouvelle identit\u00e9"},"content":{"rendered":"<p>C\u2019est un grand jour pour le Moulin de la Roque.<\/p>\n<p>Avant d\u2019\u00eatre une coop\u00e9rative, nous sommes d\u2019abord une union de vigneronnes et vignerons fiers de leurs vignes et de leurs terres, attach\u00e9s \u00e0 l\u2019id\u00e9e qu\u2019ensemble nous sommes plus forts.<\/p>\n<p>Aujourd\u2019hui, nous avons d\u00e9cid\u00e9 de mettre en avant ces valeurs \u00e0 travers un nouveau logo en r\u00e9affirmant notre attachement \u00e0 la Provence gr\u00e2ce au Gecko.<\/p>\n<p>Bienvenue au sein des Familles du Moulin de la Roque\u00a0!<\/p>\n","protected":false},"excerpt":{"rendered":"<p>C\u2019est un grand jour pour le Moulin de la Roque. Avant d\u2019\u00eatre une coop\u00e9rative, nous sommes d\u2019abord une union de vigneronnes et vignerons fiers de leurs vignes et de leurs terres, attach\u00e9s \u00e0 l\u2019id\u00e9e qu\u2019ensemble nous sommes plus forts. Aujourd\u2019hui, nous avons d\u00e9cid\u00e9 de mettre en avant ces valeurs \u00e0 travers un nouveau logo en&hellip;<\/p>\n","protected":false},"author":10,"featured_media":2935,"comment_status":"closed","ping_status":"closed","sticky":false,"template":"","format":"standard","meta":{"_acf_changed":false,"footnotes":""},"categories":[259],"tags":[],"class_list":["post-3002","post","type-post","status-publish","format-standard","has-post-thumbnail","hentry","category-news"],"acf":[],"yoast_head":"<!-- This site is optimized with the Yoast SEO plugin v27.3 - https:\/\/yoast.com\/product\/yoast-seo-wordpress\/ -->\n<title>Le Moulin de la Roque adopte une nouvelle identit\u00e9<\/title>\n<meta name=\"robots\" content=\"index, follow, max-snippet:-1, max-image-preview:large, max-video-preview:-1\" \/>\n<link rel=\"canonical\" href=\"https:\/\/www.la-roque-bandol.com\/en\/le-moulin-de-la-roque-adopte-une-nouvelle-identite\/\" \/>\n<meta property=\"og:locale\" content=\"en_US\" \/>\n<meta property=\"og:type\" content=\"article\" \/>\n<meta property=\"og:title\" content=\"Le Moulin de la Roque adopte une nouvelle identit\u00e9\" \/>\n<meta property=\"og:description\" content=\"C\u2019est un grand jour pour le Moulin de la Roque. Avant d\u2019\u00eatre une coop\u00e9rative, nous sommes d\u2019abord une union de vigneronnes et vignerons fiers de leurs vignes et de leurs terres, attach\u00e9s \u00e0 l\u2019id\u00e9e qu\u2019ensemble nous sommes plus forts. Aujourd\u2019hui, nous avons d\u00e9cid\u00e9 de mettre en avant ces valeurs \u00e0 travers un nouveau logo en&hellip;\" \/>\n<meta property=\"og:url\" content=\"https:\/\/www.la-roque-bandol.com\/en\/le-moulin-de-la-roque-adopte-une-nouvelle-identite\/\" \/>\n<meta property=\"og:site_name\" content=\"Moulin de la Roque\" \/>\n<meta property=\"article:published_time\" content=\"2021-11-12T11:19:34+00:00\" \/>\n<meta property=\"og:image\" content=\"https:\/\/www.la-roque-bandol.com\/wp-content\/uploads\/2021\/11\/MLR-nouveau-logo-bandol.png\" \/>\n\t<meta property=\"og:image:width\" content=\"1920\" \/>\n\t<meta property=\"og:image:height\" content=\"500\" \/>\n\t<meta property=\"og:image:type\" content=\"image\/png\" \/>\n<meta name=\"author\" content=\"Yann G\" \/>\n<meta name=\"twitter:card\" content=\"summary_large_image\" \/>\n<meta name=\"twitter:label1\" content=\"Written by\" \/>\n\t<meta name=\"twitter:data1\" content=\"Yann G\" \/>\n<script type=\"application\/ld+json\" class=\"yoast-schema-graph\">{\"@context\":\"https:\\\/\\\/schema.org\",\"@graph\":[{\"@type\":\"Article\",\"@id\":\"https:\\\/\\\/www.la-roque-bandol.com\\\/en\\\/le-moulin-de-la-roque-adopte-une-nouvelle-identite\\\/#article\",\"isPartOf\":{\"@id\":\"https:\\\/\\\/www.la-roque-bandol.com\\\/en\\\/le-moulin-de-la-roque-adopte-une-nouvelle-identite\\\/\"},\"author\":{\"name\":\"Yann G\",\"@id\":\"https:\\\/\\\/www.la-roque-bandol.com\\\/en\\\/#\\\/schema\\\/person\\\/e4b56dbe500b606b1982f7daaa54d4ef\"},\"headline\":\"Le Moulin de la Roque adopte une nouvelle identit\u00e9\",\"datePublished\":\"2021-11-12T11:19:34+00:00\",\"mainEntityOfPage\":{\"@id\":\"https:\\\/\\\/www.la-roque-bandol.com\\\/en\\\/le-moulin-de-la-roque-adopte-une-nouvelle-identite\\\/\"},\"wordCount\":92,\"image\":{\"@id\":\"https:\\\/\\\/www.la-roque-bandol.com\\\/en\\\/le-moulin-de-la-roque-adopte-une-nouvelle-identite\\\/#primaryimage\"},\"thumbnailUrl\":\"https:\\\/\\\/www.la-roque-bandol.com\\\/wp-content\\\/uploads\\\/2021\\\/11\\\/MLR-nouveau-logo-bandol.png\",\"articleSection\":[\"News\"],\"inLanguage\":\"en-US\"},{\"@type\":\"WebPage\",\"@id\":\"https:\\\/\\\/www.la-roque-bandol.com\\\/en\\\/le-moulin-de-la-roque-adopte-une-nouvelle-identite\\\/\",\"url\":\"https:\\\/\\\/www.la-roque-bandol.com\\\/en\\\/le-moulin-de-la-roque-adopte-une-nouvelle-identite\\\/\",\"name\":\"Le Moulin de la Roque adopte une nouvelle identit\u00e9\",\"isPartOf\":{\"@id\":\"https:\\\/\\\/www.la-roque-bandol.com\\\/en\\\/#website\"},\"primaryImageOfPage\":{\"@id\":\"https:\\\/\\\/www.la-roque-bandol.com\\\/en\\\/le-moulin-de-la-roque-adopte-une-nouvelle-identite\\\/#primaryimage\"},\"image\":{\"@id\":\"https:\\\/\\\/www.la-roque-bandol.com\\\/en\\\/le-moulin-de-la-roque-adopte-une-nouvelle-identite\\\/#primaryimage\"},\"thumbnailUrl\":\"https:\\\/\\\/www.la-roque-bandol.com\\\/wp-content\\\/uploads\\\/2021\\\/11\\\/MLR-nouveau-logo-bandol.png\",\"datePublished\":\"2021-11-12T11:19:34+00:00\",\"author\":{\"@id\":\"https:\\\/\\\/www.la-roque-bandol.com\\\/en\\\/#\\\/schema\\\/person\\\/e4b56dbe500b606b1982f7daaa54d4ef\"},\"breadcrumb\":{\"@id\":\"https:\\\/\\\/www.la-roque-bandol.com\\\/en\\\/le-moulin-de-la-roque-adopte-une-nouvelle-identite\\\/#breadcrumb\"},\"inLanguage\":\"en-US\",\"potentialAction\":[{\"@type\":\"ReadAction\",\"target\":[\"https:\\\/\\\/www.la-roque-bandol.com\\\/en\\\/le-moulin-de-la-roque-adopte-une-nouvelle-identite\\\/\"]}]},{\"@type\":\"ImageObject\",\"inLanguage\":\"en-US\",\"@id\":\"https:\\\/\\\/www.la-roque-bandol.com\\\/en\\\/le-moulin-de-la-roque-adopte-une-nouvelle-identite\\\/#primaryimage\",\"url\":\"https:\\\/\\\/www.la-roque-bandol.com\\\/wp-content\\\/uploads\\\/2021\\\/11\\\/MLR-nouveau-logo-bandol.png\",\"contentUrl\":\"https:\\\/\\\/www.la-roque-bandol.com\\\/wp-content\\\/uploads\\\/2021\\\/11\\\/MLR-nouveau-logo-bandol.png\",\"width\":1920,\"height\":500,\"caption\":\"Moulin de la Roque - Familles et Domaines - Vins de Bandol et C\u00f4tes de Provence\"},{\"@type\":\"BreadcrumbList\",\"@id\":\"https:\\\/\\\/www.la-roque-bandol.com\\\/en\\\/le-moulin-de-la-roque-adopte-une-nouvelle-identite\\\/#breadcrumb\",\"itemListElement\":[{\"@type\":\"ListItem\",\"position\":1,\"name\":\"Accueil\",\"item\":\"https:\\\/\\\/www.la-roque-bandol.com\\\/en\\\/\"},{\"@type\":\"ListItem\",\"position\":2,\"name\":\"Le Moulin de la Roque adopte une nouvelle identit\u00e9\"}]},{\"@type\":\"WebSite\",\"@id\":\"https:\\\/\\\/www.la-roque-bandol.com\\\/en\\\/#website\",\"url\":\"https:\\\/\\\/www.la-roque-bandol.com\\\/en\\\/\",\"name\":\"Moulin de la Roque\",\"description\":\"\",\"potentialAction\":[{\"@type\":\"SearchAction\",\"target\":{\"@type\":\"EntryPoint\",\"urlTemplate\":\"https:\\\/\\\/www.la-roque-bandol.com\\\/en\\\/?s={search_term_string}\"},\"query-input\":{\"@type\":\"PropertyValueSpecification\",\"valueRequired\":true,\"valueName\":\"search_term_string\"}}],\"inLanguage\":\"en-US\"},{\"@type\":\"Person\",\"@id\":\"https:\\\/\\\/www.la-roque-bandol.com\\\/en\\\/#\\\/schema\\\/person\\\/e4b56dbe500b606b1982f7daaa54d4ef\",\"name\":\"Yann G\",\"image\":{\"@type\":\"ImageObject\",\"inLanguage\":\"en-US\",\"@id\":\"https:\\\/\\\/secure.gravatar.com\\\/avatar\\\/0a4fd7511b6aaeccf55392b5f5f3e3a431cef58434a5643e86ba7f3399e78260?s=96&d=mm&r=g\",\"url\":\"https:\\\/\\\/secure.gravatar.com\\\/avatar\\\/0a4fd7511b6aaeccf55392b5f5f3e3a431cef58434a5643e86ba7f3399e78260?s=96&d=mm&r=g\",\"contentUrl\":\"https:\\\/\\\/secure.gravatar.com\\\/avatar\\\/0a4fd7511b6aaeccf55392b5f5f3e3a431cef58434a5643e86ba7f3399e78260?s=96&d=mm&r=g\",\"caption\":\"Yann G\"}}]}<\/script>\n<!-- \/ Yoast SEO plugin. -->","yoast_head_json":{"title":"Le Moulin de la Roque adopte une nouvelle identit\u00e9","robots":{"index":"index","follow":"follow","max-snippet":"max-snippet:-1","max-image-preview":"max-image-preview:large","max-video-preview":"max-video-preview:-1"},"canonical":"https:\/\/www.la-roque-bandol.com\/en\/le-moulin-de-la-roque-adopte-une-nouvelle-identite\/","og_locale":"en_US","og_type":"article","og_title":"Le Moulin de la Roque adopte une nouvelle identit\u00e9","og_description":"C\u2019est un grand jour pour le Moulin de la Roque. Avant d\u2019\u00eatre une coop\u00e9rative, nous sommes d\u2019abord une union de vigneronnes et vignerons fiers de leurs vignes et de leurs terres, attach\u00e9s \u00e0 l\u2019id\u00e9e qu\u2019ensemble nous sommes plus forts. Aujourd\u2019hui, nous avons d\u00e9cid\u00e9 de mettre en avant ces valeurs \u00e0 travers un nouveau logo en&hellip;","og_url":"https:\/\/www.la-roque-bandol.com\/en\/le-moulin-de-la-roque-adopte-une-nouvelle-identite\/","og_site_name":"Moulin de la Roque","article_published_time":"2021-11-12T11:19:34+00:00","og_image":[{"width":1920,"height":500,"url":"https:\/\/www.la-roque-bandol.com\/wp-content\/uploads\/2021\/11\/MLR-nouveau-logo-bandol.png","type":"image\/png"}],"author":"Yann G","twitter_card":"summary_large_image","twitter_misc":{"Written by":"Yann G"},"schema":{"@context":"https:\/\/schema.org","@graph":[{"@type":"Article","@id":"https:\/\/www.la-roque-bandol.com\/en\/le-moulin-de-la-roque-adopte-une-nouvelle-identite\/#article","isPartOf":{"@id":"https:\/\/www.la-roque-bandol.com\/en\/le-moulin-de-la-roque-adopte-une-nouvelle-identite\/"},"author":{"name":"Yann G","@id":"https:\/\/www.la-roque-bandol.com\/en\/#\/schema\/person\/e4b56dbe500b606b1982f7daaa54d4ef"},"headline":"Le Moulin de la Roque adopte une nouvelle identit\u00e9","datePublished":"2021-11-12T11:19:34+00:00","mainEntityOfPage":{"@id":"https:\/\/www.la-roque-bandol.com\/en\/le-moulin-de-la-roque-adopte-une-nouvelle-identite\/"},"wordCount":92,"image":{"@id":"https:\/\/www.la-roque-bandol.com\/en\/le-moulin-de-la-roque-adopte-une-nouvelle-identite\/#primaryimage"},"thumbnailUrl":"https:\/\/www.la-roque-bandol.com\/wp-content\/uploads\/2021\/11\/MLR-nouveau-logo-bandol.png","articleSection":["News"],"inLanguage":"en-US"},{"@type":"WebPage","@id":"https:\/\/www.la-roque-bandol.com\/en\/le-moulin-de-la-roque-adopte-une-nouvelle-identite\/","url":"https:\/\/www.la-roque-bandol.com\/en\/le-moulin-de-la-roque-adopte-une-nouvelle-identite\/","name":"Le Moulin de la Roque adopte une nouvelle identit\u00e9","isPartOf":{"@id":"https:\/\/www.la-roque-bandol.com\/en\/#website"},"primaryImageOfPage":{"@id":"https:\/\/www.la-roque-bandol.com\/en\/le-moulin-de-la-roque-adopte-une-nouvelle-identite\/#primaryimage"},"image":{"@id":"https:\/\/www.la-roque-bandol.com\/en\/le-moulin-de-la-roque-adopte-une-nouvelle-identite\/#primaryimage"},"thumbnailUrl":"https:\/\/www.la-roque-bandol.com\/wp-content\/uploads\/2021\/11\/MLR-nouveau-logo-bandol.png","datePublished":"2021-11-12T11:19:34+00:00","author":{"@id":"https:\/\/www.la-roque-bandol.com\/en\/#\/schema\/person\/e4b56dbe500b606b1982f7daaa54d4ef"},"breadcrumb":{"@id":"https:\/\/www.la-roque-bandol.com\/en\/le-moulin-de-la-roque-adopte-une-nouvelle-identite\/#breadcrumb"},"inLanguage":"en-US","potentialAction":[{"@type":"ReadAction","target":["https:\/\/www.la-roque-bandol.com\/en\/le-moulin-de-la-roque-adopte-une-nouvelle-identite\/"]}]},{"@type":"ImageObject","inLanguage":"en-US","@id":"https:\/\/www.la-roque-bandol.com\/en\/le-moulin-de-la-roque-adopte-une-nouvelle-identite\/#primaryimage","url":"https:\/\/www.la-roque-bandol.com\/wp-content\/uploads\/2021\/11\/MLR-nouveau-logo-bandol.png","contentUrl":"https:\/\/www.la-roque-bandol.com\/wp-content\/uploads\/2021\/11\/MLR-nouveau-logo-bandol.png","width":1920,"height":500,"caption":"Moulin de la Roque - Familles et Domaines - Vins de Bandol et C\u00f4tes de Provence"},{"@type":"BreadcrumbList","@id":"https:\/\/www.la-roque-bandol.com\/en\/le-moulin-de-la-roque-adopte-une-nouvelle-identite\/#breadcrumb","itemListElement":[{"@type":"ListItem","position":1,"name":"Accueil","item":"https:\/\/www.la-roque-bandol.com\/en\/"},{"@type":"ListItem","position":2,"name":"Le Moulin de la Roque adopte une nouvelle identit\u00e9"}]},{"@type":"WebSite","@id":"https:\/\/www.la-roque-bandol.com\/en\/#website","url":"https:\/\/www.la-roque-bandol.com\/en\/","name":"Moulin de la Roque","description":"","potentialAction":[{"@type":"SearchAction","target":{"@type":"EntryPoint","urlTemplate":"https:\/\/www.la-roque-bandol.com\/en\/?s={search_term_string}"},"query-input":{"@type":"PropertyValueSpecification","valueRequired":true,"valueName":"search_term_string"}}],"inLanguage":"en-US"},{"@type":"Person","@id":"https:\/\/www.la-roque-bandol.com\/en\/#\/schema\/person\/e4b56dbe500b606b1982f7daaa54d4ef","name":"Yann G","image":{"@type":"ImageObject","inLanguage":"en-US","@id":"https:\/\/secure.gravatar.com\/avatar\/0a4fd7511b6aaeccf55392b5f5f3e3a431cef58434a5643e86ba7f3399e78260?s=96&d=mm&r=g","url":"https:\/\/secure.gravatar.com\/avatar\/0a4fd7511b6aaeccf55392b5f5f3e3a431cef58434a5643e86ba7f3399e78260?s=96&d=mm&r=g","contentUrl":"https:\/\/secure.gravatar.com\/avatar\/0a4fd7511b6aaeccf55392b5f5f3e3a431cef58434a5643e86ba7f3399e78260?s=96&d=mm&r=g","caption":"Yann G"}}]}},"_links":{"self":[{"href":"https:\/\/www.la-roque-bandol.com\/en\/wp-json\/wp\/v2\/posts\/3002","targetHints":{"allow":["GET"]}}],"collection":[{"href":"https:\/\/www.la-roque-bandol.com\/en\/wp-json\/wp\/v2\/posts"}],"about":[{"href":"https:\/\/www.la-roque-bandol.com\/en\/wp-json\/wp\/v2\/types\/post"}],"author":[{"embeddable":true,"href":"https:\/\/www.la-roque-bandol.com\/en\/wp-json\/wp\/v2\/users\/10"}],"replies":[{"embeddable":true,"href":"https:\/\/www.la-roque-bandol.com\/en\/wp-json\/wp\/v2\/comments?post=3002"}],"version-history":[{"count":0,"href":"https:\/\/www.la-roque-bandol.com\/en\/wp-json\/wp\/v2\/posts\/3002\/revisions"}],"wp:featuredmedia":[{"embeddable":true,"href":"https:\/\/www.la-roque-bandol.com\/en\/wp-json\/wp\/v2\/media\/2935"}],"wp:attachment":[{"href":"https:\/\/www.la-roque-bandol.com\/en\/wp-json\/wp\/v2\/media?parent=3002"}],"wp:term":[{"taxonomy":"category","embeddable":true,"href":"https:\/\/www.la-roque-bandol.com\/en\/wp-json\/wp\/v2\/categories?post=3002"},{"taxonomy":"post_tag","embeddable":true,"href":"https:\/\/www.la-roque-bandol.com\/en\/wp-json\/wp\/v2\/tags?post=3002"}],"curies":[{"name":"wp","href":"https:\/\/api.w.org\/{rel}","templated":true}]}}