{"id":2922,"date":"2021-11-11T11:48:14","date_gmt":"2021-11-11T10:48:14","guid":{"rendered":"https:\/\/www.la-roque-bandol.com\/patrice-malfatto\/"},"modified":"2021-11-11T11:48:14","modified_gmt":"2021-11-11T10:48:14","slug":"patrice-malfatto","status":"publish","type":"post","link":"https:\/\/www.la-roque-bandol.com\/en\/patrice-malfatto\/","title":{"rendered":"Patrice Malfatto"},"content":{"rendered":"<p>&#8220;J\u2019ai grandi au contact de la nature. En commen\u00e7ant par le m\u00e9tier de mara\u00eecher puis en me rapprochant du m\u00e9tier de vigneron. Mon grand-p\u00e8re m\u2019a transmis son savoir-faire et sa passion pour la vigne. Et \u00e0 mon tour, je transmets cette passion \u00e0 mon fils qui a choisi cette voie. Enfin, c\u2019est mon amour pour la nature qui m\u2019a donn\u00e9 envie de pratiquer une agriculture biologique, respectueuse de l\u2019environnement.&#8221;<\/p>\n<p style=\"text-align: right;\">Patrice Malfatto, coop\u00e9rateur au Moulin de la Roque<\/p>\n","protected":false},"excerpt":{"rendered":"<p>&#8220;J\u2019ai grandi au contact de la nature. En commen\u00e7ant par le m\u00e9tier de mara\u00eecher puis en me rapprochant du m\u00e9tier de vigneron. Mon grand-p\u00e8re m\u2019a transmis son savoir-faire et sa passion pour la vigne. Et \u00e0 mon tour, je transmets cette passion \u00e0 mon fils qui a choisi cette voie. Enfin, c\u2019est mon amour pour&hellip;<\/p>\n","protected":false},"author":1,"featured_media":2507,"comment_status":"closed","ping_status":"closed","sticky":false,"template":"portraits-vignerons.php","format":"standard","meta":{"_acf_changed":false,"footnotes":""},"categories":[431],"tags":[],"class_list":["post-2922","post","type-post","status-publish","format-standard","has-post-thumbnail","hentry","category-winegrowers-portraits"],"acf":[],"yoast_head":"<!-- This site is optimized with the Yoast SEO plugin v27.3 - https:\/\/yoast.com\/product\/yoast-seo-wordpress\/ -->\n<title>Patrice Malfatto - Moulin de la Roque<\/title>\n<meta name=\"robots\" content=\"index, follow, max-snippet:-1, max-image-preview:large, max-video-preview:-1\" \/>\n<link rel=\"canonical\" href=\"https:\/\/www.la-roque-bandol.com\/en\/patrice-malfatto\/\" \/>\n<meta property=\"og:locale\" content=\"en_US\" \/>\n<meta property=\"og:type\" content=\"article\" \/>\n<meta property=\"og:title\" content=\"Patrice Malfatto - Moulin de la Roque\" \/>\n<meta property=\"og:description\" content=\"&#8220;J\u2019ai grandi au contact de la nature. En commen\u00e7ant par le m\u00e9tier de mara\u00eecher puis en me rapprochant du m\u00e9tier de vigneron. Mon grand-p\u00e8re m\u2019a transmis son savoir-faire et sa passion pour la vigne. Et \u00e0 mon tour, je transmets cette passion \u00e0 mon fils qui a choisi cette voie. Enfin, c\u2019est mon amour pour&hellip;\" \/>\n<meta property=\"og:url\" content=\"https:\/\/www.la-roque-bandol.com\/en\/patrice-malfatto\/\" \/>\n<meta property=\"og:site_name\" content=\"Moulin de la Roque\" \/>\n<meta property=\"article:published_time\" content=\"2021-11-11T10:48:14+00:00\" \/>\n<meta property=\"og:image\" content=\"https:\/\/www.la-roque-bandol.com\/wp-content\/uploads\/2021\/10\/Moulin-de-la-roque-Patrice-Malfatto.png\" \/>\n\t<meta property=\"og:image:width\" content=\"300\" \/>\n\t<meta property=\"og:image:height\" content=\"450\" \/>\n\t<meta property=\"og:image:type\" content=\"image\/png\" \/>\n<meta name=\"author\" content=\"Fabian M\" \/>\n<meta name=\"twitter:card\" content=\"summary_large_image\" \/>\n<meta name=\"twitter:label1\" content=\"Written by\" \/>\n\t<meta name=\"twitter:data1\" content=\"Fabian M\" \/>\n<script type=\"application\/ld+json\" class=\"yoast-schema-graph\">{\"@context\":\"https:\\\/\\\/schema.org\",\"@graph\":[{\"@type\":\"Article\",\"@id\":\"https:\\\/\\\/www.la-roque-bandol.com\\\/en\\\/patrice-malfatto\\\/#article\",\"isPartOf\":{\"@id\":\"https:\\\/\\\/www.la-roque-bandol.com\\\/en\\\/patrice-malfatto\\\/\"},\"author\":{\"name\":\"Fabian M\",\"@id\":\"https:\\\/\\\/www.la-roque-bandol.com\\\/en\\\/#\\\/schema\\\/person\\\/4f16842becbd1f46c7333bad04e65d79\"},\"headline\":\"Patrice Malfatto\",\"datePublished\":\"2021-11-11T10:48:14+00:00\",\"mainEntityOfPage\":{\"@id\":\"https:\\\/\\\/www.la-roque-bandol.com\\\/en\\\/patrice-malfatto\\\/\"},\"wordCount\":88,\"image\":{\"@id\":\"https:\\\/\\\/www.la-roque-bandol.com\\\/en\\\/patrice-malfatto\\\/#primaryimage\"},\"thumbnailUrl\":\"https:\\\/\\\/www.la-roque-bandol.com\\\/wp-content\\\/uploads\\\/2021\\\/10\\\/Moulin-de-la-roque-Patrice-Malfatto.png\",\"articleSection\":[\"Winegrowers Portraits\"],\"inLanguage\":\"en-US\"},{\"@type\":\"WebPage\",\"@id\":\"https:\\\/\\\/www.la-roque-bandol.com\\\/en\\\/patrice-malfatto\\\/\",\"url\":\"https:\\\/\\\/www.la-roque-bandol.com\\\/en\\\/patrice-malfatto\\\/\",\"name\":\"Patrice Malfatto - Moulin de la Roque\",\"isPartOf\":{\"@id\":\"https:\\\/\\\/www.la-roque-bandol.com\\\/en\\\/#website\"},\"primaryImageOfPage\":{\"@id\":\"https:\\\/\\\/www.la-roque-bandol.com\\\/en\\\/patrice-malfatto\\\/#primaryimage\"},\"image\":{\"@id\":\"https:\\\/\\\/www.la-roque-bandol.com\\\/en\\\/patrice-malfatto\\\/#primaryimage\"},\"thumbnailUrl\":\"https:\\\/\\\/www.la-roque-bandol.com\\\/wp-content\\\/uploads\\\/2021\\\/10\\\/Moulin-de-la-roque-Patrice-Malfatto.png\",\"datePublished\":\"2021-11-11T10:48:14+00:00\",\"author\":{\"@id\":\"https:\\\/\\\/www.la-roque-bandol.com\\\/en\\\/#\\\/schema\\\/person\\\/4f16842becbd1f46c7333bad04e65d79\"},\"breadcrumb\":{\"@id\":\"https:\\\/\\\/www.la-roque-bandol.com\\\/en\\\/patrice-malfatto\\\/#breadcrumb\"},\"inLanguage\":\"en-US\",\"potentialAction\":[{\"@type\":\"ReadAction\",\"target\":[\"https:\\\/\\\/www.la-roque-bandol.com\\\/en\\\/patrice-malfatto\\\/\"]}]},{\"@type\":\"ImageObject\",\"inLanguage\":\"en-US\",\"@id\":\"https:\\\/\\\/www.la-roque-bandol.com\\\/en\\\/patrice-malfatto\\\/#primaryimage\",\"url\":\"https:\\\/\\\/www.la-roque-bandol.com\\\/wp-content\\\/uploads\\\/2021\\\/10\\\/Moulin-de-la-roque-Patrice-Malfatto.png\",\"contentUrl\":\"https:\\\/\\\/www.la-roque-bandol.com\\\/wp-content\\\/uploads\\\/2021\\\/10\\\/Moulin-de-la-roque-Patrice-Malfatto.png\",\"width\":300,\"height\":450,\"caption\":\"Patrice Malfatto\"},{\"@type\":\"BreadcrumbList\",\"@id\":\"https:\\\/\\\/www.la-roque-bandol.com\\\/en\\\/patrice-malfatto\\\/#breadcrumb\",\"itemListElement\":[{\"@type\":\"ListItem\",\"position\":1,\"name\":\"Accueil\",\"item\":\"https:\\\/\\\/www.la-roque-bandol.com\\\/en\\\/\"},{\"@type\":\"ListItem\",\"position\":2,\"name\":\"Patrice Malfatto\"}]},{\"@type\":\"WebSite\",\"@id\":\"https:\\\/\\\/www.la-roque-bandol.com\\\/en\\\/#website\",\"url\":\"https:\\\/\\\/www.la-roque-bandol.com\\\/en\\\/\",\"name\":\"Moulin de la Roque\",\"description\":\"\",\"potentialAction\":[{\"@type\":\"SearchAction\",\"target\":{\"@type\":\"EntryPoint\",\"urlTemplate\":\"https:\\\/\\\/www.la-roque-bandol.com\\\/en\\\/?s={search_term_string}\"},\"query-input\":{\"@type\":\"PropertyValueSpecification\",\"valueRequired\":true,\"valueName\":\"search_term_string\"}}],\"inLanguage\":\"en-US\"},{\"@type\":\"Person\",\"@id\":\"https:\\\/\\\/www.la-roque-bandol.com\\\/en\\\/#\\\/schema\\\/person\\\/4f16842becbd1f46c7333bad04e65d79\",\"name\":\"Fabian M\",\"image\":{\"@type\":\"ImageObject\",\"inLanguage\":\"en-US\",\"@id\":\"https:\\\/\\\/secure.gravatar.com\\\/avatar\\\/d501c3847a3f327bce7a1844b5d9fd8fa5fb9a94916ed8fa63208df9d8af3fc7?s=96&d=mm&r=g\",\"url\":\"https:\\\/\\\/secure.gravatar.com\\\/avatar\\\/d501c3847a3f327bce7a1844b5d9fd8fa5fb9a94916ed8fa63208df9d8af3fc7?s=96&d=mm&r=g\",\"contentUrl\":\"https:\\\/\\\/secure.gravatar.com\\\/avatar\\\/d501c3847a3f327bce7a1844b5d9fd8fa5fb9a94916ed8fa63208df9d8af3fc7?s=96&d=mm&r=g\",\"caption\":\"Fabian M\"},\"sameAs\":[\"https:\\\/\\\/www.la-roque-bandol.com\"]}]}<\/script>\n<!-- \/ Yoast SEO plugin. -->","yoast_head_json":{"title":"Patrice Malfatto - Moulin de la Roque","robots":{"index":"index","follow":"follow","max-snippet":"max-snippet:-1","max-image-preview":"max-image-preview:large","max-video-preview":"max-video-preview:-1"},"canonical":"https:\/\/www.la-roque-bandol.com\/en\/patrice-malfatto\/","og_locale":"en_US","og_type":"article","og_title":"Patrice Malfatto - Moulin de la Roque","og_description":"&#8220;J\u2019ai grandi au contact de la nature. En commen\u00e7ant par le m\u00e9tier de mara\u00eecher puis en me rapprochant du m\u00e9tier de vigneron. Mon grand-p\u00e8re m\u2019a transmis son savoir-faire et sa passion pour la vigne. Et \u00e0 mon tour, je transmets cette passion \u00e0 mon fils qui a choisi cette voie. Enfin, c\u2019est mon amour pour&hellip;","og_url":"https:\/\/www.la-roque-bandol.com\/en\/patrice-malfatto\/","og_site_name":"Moulin de la Roque","article_published_time":"2021-11-11T10:48:14+00:00","og_image":[{"width":300,"height":450,"url":"https:\/\/www.la-roque-bandol.com\/wp-content\/uploads\/2021\/10\/Moulin-de-la-roque-Patrice-Malfatto.png","type":"image\/png"}],"author":"Fabian M","twitter_card":"summary_large_image","twitter_misc":{"Written by":"Fabian M"},"schema":{"@context":"https:\/\/schema.org","@graph":[{"@type":"Article","@id":"https:\/\/www.la-roque-bandol.com\/en\/patrice-malfatto\/#article","isPartOf":{"@id":"https:\/\/www.la-roque-bandol.com\/en\/patrice-malfatto\/"},"author":{"name":"Fabian M","@id":"https:\/\/www.la-roque-bandol.com\/en\/#\/schema\/person\/4f16842becbd1f46c7333bad04e65d79"},"headline":"Patrice Malfatto","datePublished":"2021-11-11T10:48:14+00:00","mainEntityOfPage":{"@id":"https:\/\/www.la-roque-bandol.com\/en\/patrice-malfatto\/"},"wordCount":88,"image":{"@id":"https:\/\/www.la-roque-bandol.com\/en\/patrice-malfatto\/#primaryimage"},"thumbnailUrl":"https:\/\/www.la-roque-bandol.com\/wp-content\/uploads\/2021\/10\/Moulin-de-la-roque-Patrice-Malfatto.png","articleSection":["Winegrowers Portraits"],"inLanguage":"en-US"},{"@type":"WebPage","@id":"https:\/\/www.la-roque-bandol.com\/en\/patrice-malfatto\/","url":"https:\/\/www.la-roque-bandol.com\/en\/patrice-malfatto\/","name":"Patrice Malfatto - Moulin de la Roque","isPartOf":{"@id":"https:\/\/www.la-roque-bandol.com\/en\/#website"},"primaryImageOfPage":{"@id":"https:\/\/www.la-roque-bandol.com\/en\/patrice-malfatto\/#primaryimage"},"image":{"@id":"https:\/\/www.la-roque-bandol.com\/en\/patrice-malfatto\/#primaryimage"},"thumbnailUrl":"https:\/\/www.la-roque-bandol.com\/wp-content\/uploads\/2021\/10\/Moulin-de-la-roque-Patrice-Malfatto.png","datePublished":"2021-11-11T10:48:14+00:00","author":{"@id":"https:\/\/www.la-roque-bandol.com\/en\/#\/schema\/person\/4f16842becbd1f46c7333bad04e65d79"},"breadcrumb":{"@id":"https:\/\/www.la-roque-bandol.com\/en\/patrice-malfatto\/#breadcrumb"},"inLanguage":"en-US","potentialAction":[{"@type":"ReadAction","target":["https:\/\/www.la-roque-bandol.com\/en\/patrice-malfatto\/"]}]},{"@type":"ImageObject","inLanguage":"en-US","@id":"https:\/\/www.la-roque-bandol.com\/en\/patrice-malfatto\/#primaryimage","url":"https:\/\/www.la-roque-bandol.com\/wp-content\/uploads\/2021\/10\/Moulin-de-la-roque-Patrice-Malfatto.png","contentUrl":"https:\/\/www.la-roque-bandol.com\/wp-content\/uploads\/2021\/10\/Moulin-de-la-roque-Patrice-Malfatto.png","width":300,"height":450,"caption":"Patrice Malfatto"},{"@type":"BreadcrumbList","@id":"https:\/\/www.la-roque-bandol.com\/en\/patrice-malfatto\/#breadcrumb","itemListElement":[{"@type":"ListItem","position":1,"name":"Accueil","item":"https:\/\/www.la-roque-bandol.com\/en\/"},{"@type":"ListItem","position":2,"name":"Patrice Malfatto"}]},{"@type":"WebSite","@id":"https:\/\/www.la-roque-bandol.com\/en\/#website","url":"https:\/\/www.la-roque-bandol.com\/en\/","name":"Moulin de la Roque","description":"","potentialAction":[{"@type":"SearchAction","target":{"@type":"EntryPoint","urlTemplate":"https:\/\/www.la-roque-bandol.com\/en\/?s={search_term_string}"},"query-input":{"@type":"PropertyValueSpecification","valueRequired":true,"valueName":"search_term_string"}}],"inLanguage":"en-US"},{"@type":"Person","@id":"https:\/\/www.la-roque-bandol.com\/en\/#\/schema\/person\/4f16842becbd1f46c7333bad04e65d79","name":"Fabian M","image":{"@type":"ImageObject","inLanguage":"en-US","@id":"https:\/\/secure.gravatar.com\/avatar\/d501c3847a3f327bce7a1844b5d9fd8fa5fb9a94916ed8fa63208df9d8af3fc7?s=96&d=mm&r=g","url":"https:\/\/secure.gravatar.com\/avatar\/d501c3847a3f327bce7a1844b5d9fd8fa5fb9a94916ed8fa63208df9d8af3fc7?s=96&d=mm&r=g","contentUrl":"https:\/\/secure.gravatar.com\/avatar\/d501c3847a3f327bce7a1844b5d9fd8fa5fb9a94916ed8fa63208df9d8af3fc7?s=96&d=mm&r=g","caption":"Fabian M"},"sameAs":["https:\/\/www.la-roque-bandol.com"]}]}},"_links":{"self":[{"href":"https:\/\/www.la-roque-bandol.com\/en\/wp-json\/wp\/v2\/posts\/2922","targetHints":{"allow":["GET"]}}],"collection":[{"href":"https:\/\/www.la-roque-bandol.com\/en\/wp-json\/wp\/v2\/posts"}],"about":[{"href":"https:\/\/www.la-roque-bandol.com\/en\/wp-json\/wp\/v2\/types\/post"}],"author":[{"embeddable":true,"href":"https:\/\/www.la-roque-bandol.com\/en\/wp-json\/wp\/v2\/users\/1"}],"replies":[{"embeddable":true,"href":"https:\/\/www.la-roque-bandol.com\/en\/wp-json\/wp\/v2\/comments?post=2922"}],"version-history":[{"count":0,"href":"https:\/\/www.la-roque-bandol.com\/en\/wp-json\/wp\/v2\/posts\/2922\/revisions"}],"wp:featuredmedia":[{"embeddable":true,"href":"https:\/\/www.la-roque-bandol.com\/en\/wp-json\/wp\/v2\/media\/2507"}],"wp:attachment":[{"href":"https:\/\/www.la-roque-bandol.com\/en\/wp-json\/wp\/v2\/media?parent=2922"}],"wp:term":[{"taxonomy":"category","embeddable":true,"href":"https:\/\/www.la-roque-bandol.com\/en\/wp-json\/wp\/v2\/categories?post=2922"},{"taxonomy":"post_tag","embeddable":true,"href":"https:\/\/www.la-roque-bandol.com\/en\/wp-json\/wp\/v2\/tags?post=2922"}],"curies":[{"name":"wp","href":"https:\/\/api.w.org\/{rel}","templated":true}]}}