{"id":2921,"date":"2021-11-11T11:47:56","date_gmt":"2021-11-11T10:47:56","guid":{"rendered":"https:\/\/www.la-roque-bandol.com\/jean-michel-amic\/"},"modified":"2021-11-11T11:47:56","modified_gmt":"2021-11-11T10:47:56","slug":"jean-michel-amic","status":"publish","type":"post","link":"https:\/\/www.la-roque-bandol.com\/en\/jean-michel-amic\/","title":{"rendered":"Jean Michel Amic"},"content":{"rendered":"<p>\u00ab\u00a0\u00catre vigneron est pour moi bien plus qu\u2019un m\u00e9tier, c\u2019est une v\u00e9ritable passion. C\u2019est une vocation que j\u2019alimente depuis maintenant quelques ann\u00e9es et qui ne cesse de me surprendre chaque jour. En rejoignant le Moulin de La Roque, j\u2019y ai d\u00e9couvert une v\u00e9ritable famille, et c\u2019est ce que j\u2019aime au sein de cette cave coop\u00e9rative, c\u2019est cette notion de partage et de proximit\u00e9 que je ne trouve pas ailleurs.<\/p>\n<p>En parall\u00e8le de ma profession de vigneron, je suis aussi apiculteur de loisir. Mes quelques ruches nich\u00e9es non loin de ma propri\u00e9t\u00e9 me permettent de m\u2019\u00e9vader et d\u2019exercer ma passion en dehors de celle de vigneron. Ce n\u2019est pas forc\u00e9ment de tout repos mais c\u2019est un challenge que j\u2019appr\u00e9cie tout particuli\u00e8rement. Mettre du c\u0153ur \u00e0 l\u2019ouvrage et vous transmettre cet amour rel\u00e8ve d\u2019un devoir pour les g\u00e9n\u00e9rations futures.\u00a0\u00bb<\/p>\n<p style=\"text-align: right;\">Jean-Michel Amic, coop\u00e9rateur du Moulin de La Roque<\/p>\n","protected":false},"excerpt":{"rendered":"<p>\u00ab\u00a0\u00catre vigneron est pour moi bien plus qu\u2019un m\u00e9tier, c\u2019est une v\u00e9ritable passion. C\u2019est une vocation que j\u2019alimente depuis maintenant quelques ann\u00e9es et qui ne cesse de me surprendre chaque jour. En rejoignant le Moulin de La Roque, j\u2019y ai d\u00e9couvert une v\u00e9ritable famille, et c\u2019est ce que j\u2019aime au sein de cette cave coop\u00e9rative,&hellip;<\/p>\n","protected":false},"author":1,"featured_media":2505,"comment_status":"closed","ping_status":"closed","sticky":false,"template":"portraits-vignerons.php","format":"standard","meta":{"_acf_changed":false,"footnotes":""},"categories":[431],"tags":[],"class_list":["post-2921","post","type-post","status-publish","format-standard","has-post-thumbnail","hentry","category-winegrowers-portraits"],"acf":[],"yoast_head":"<!-- This site is optimized with the Yoast SEO plugin v27.3 - https:\/\/yoast.com\/product\/yoast-seo-wordpress\/ -->\n<title>Jean Michel Amic - Moulin de la Roque<\/title>\n<meta name=\"robots\" content=\"index, follow, max-snippet:-1, max-image-preview:large, max-video-preview:-1\" \/>\n<link rel=\"canonical\" href=\"https:\/\/www.la-roque-bandol.com\/en\/jean-michel-amic\/\" \/>\n<meta property=\"og:locale\" content=\"en_US\" \/>\n<meta property=\"og:type\" content=\"article\" \/>\n<meta property=\"og:title\" content=\"Jean Michel Amic - Moulin de la Roque\" \/>\n<meta property=\"og:description\" content=\"\u00ab\u00a0\u00catre vigneron est pour moi bien plus qu\u2019un m\u00e9tier, c\u2019est une v\u00e9ritable passion. C\u2019est une vocation que j\u2019alimente depuis maintenant quelques ann\u00e9es et qui ne cesse de me surprendre chaque jour. En rejoignant le Moulin de La Roque, j\u2019y ai d\u00e9couvert une v\u00e9ritable famille, et c\u2019est ce que j\u2019aime au sein de cette cave coop\u00e9rative,&hellip;\" \/>\n<meta property=\"og:url\" content=\"https:\/\/www.la-roque-bandol.com\/en\/jean-michel-amic\/\" \/>\n<meta property=\"og:site_name\" content=\"Moulin de la Roque\" \/>\n<meta property=\"article:published_time\" content=\"2021-11-11T10:47:56+00:00\" \/>\n<meta property=\"og:image\" content=\"https:\/\/www.la-roque-bandol.com\/wp-content\/uploads\/2021\/10\/Moulin-de-la-roque-Jean-Michel-Amic.png\" \/>\n\t<meta property=\"og:image:width\" content=\"300\" \/>\n\t<meta property=\"og:image:height\" content=\"450\" \/>\n\t<meta property=\"og:image:type\" content=\"image\/png\" \/>\n<meta name=\"author\" content=\"Fabian M\" \/>\n<meta name=\"twitter:card\" content=\"summary_large_image\" \/>\n<meta name=\"twitter:label1\" content=\"Written by\" \/>\n\t<meta name=\"twitter:data1\" content=\"Fabian M\" \/>\n\t<meta name=\"twitter:label2\" content=\"Est. reading time\" \/>\n\t<meta name=\"twitter:data2\" content=\"1 minute\" \/>\n<script type=\"application\/ld+json\" class=\"yoast-schema-graph\">{\"@context\":\"https:\\\/\\\/schema.org\",\"@graph\":[{\"@type\":\"Article\",\"@id\":\"https:\\\/\\\/www.la-roque-bandol.com\\\/en\\\/jean-michel-amic\\\/#article\",\"isPartOf\":{\"@id\":\"https:\\\/\\\/www.la-roque-bandol.com\\\/en\\\/jean-michel-amic\\\/\"},\"author\":{\"name\":\"Fabian M\",\"@id\":\"https:\\\/\\\/www.la-roque-bandol.com\\\/en\\\/#\\\/schema\\\/person\\\/4f16842becbd1f46c7333bad04e65d79\"},\"headline\":\"Jean Michel Amic\",\"datePublished\":\"2021-11-11T10:47:56+00:00\",\"mainEntityOfPage\":{\"@id\":\"https:\\\/\\\/www.la-roque-bandol.com\\\/en\\\/jean-michel-amic\\\/\"},\"wordCount\":179,\"image\":{\"@id\":\"https:\\\/\\\/www.la-roque-bandol.com\\\/en\\\/jean-michel-amic\\\/#primaryimage\"},\"thumbnailUrl\":\"https:\\\/\\\/www.la-roque-bandol.com\\\/wp-content\\\/uploads\\\/2021\\\/10\\\/Moulin-de-la-roque-Jean-Michel-Amic.png\",\"articleSection\":[\"Winegrowers Portraits\"],\"inLanguage\":\"en-US\"},{\"@type\":\"WebPage\",\"@id\":\"https:\\\/\\\/www.la-roque-bandol.com\\\/en\\\/jean-michel-amic\\\/\",\"url\":\"https:\\\/\\\/www.la-roque-bandol.com\\\/en\\\/jean-michel-amic\\\/\",\"name\":\"Jean Michel Amic - Moulin de la Roque\",\"isPartOf\":{\"@id\":\"https:\\\/\\\/www.la-roque-bandol.com\\\/en\\\/#website\"},\"primaryImageOfPage\":{\"@id\":\"https:\\\/\\\/www.la-roque-bandol.com\\\/en\\\/jean-michel-amic\\\/#primaryimage\"},\"image\":{\"@id\":\"https:\\\/\\\/www.la-roque-bandol.com\\\/en\\\/jean-michel-amic\\\/#primaryimage\"},\"thumbnailUrl\":\"https:\\\/\\\/www.la-roque-bandol.com\\\/wp-content\\\/uploads\\\/2021\\\/10\\\/Moulin-de-la-roque-Jean-Michel-Amic.png\",\"datePublished\":\"2021-11-11T10:47:56+00:00\",\"author\":{\"@id\":\"https:\\\/\\\/www.la-roque-bandol.com\\\/en\\\/#\\\/schema\\\/person\\\/4f16842becbd1f46c7333bad04e65d79\"},\"breadcrumb\":{\"@id\":\"https:\\\/\\\/www.la-roque-bandol.com\\\/en\\\/jean-michel-amic\\\/#breadcrumb\"},\"inLanguage\":\"en-US\",\"potentialAction\":[{\"@type\":\"ReadAction\",\"target\":[\"https:\\\/\\\/www.la-roque-bandol.com\\\/en\\\/jean-michel-amic\\\/\"]}]},{\"@type\":\"ImageObject\",\"inLanguage\":\"en-US\",\"@id\":\"https:\\\/\\\/www.la-roque-bandol.com\\\/en\\\/jean-michel-amic\\\/#primaryimage\",\"url\":\"https:\\\/\\\/www.la-roque-bandol.com\\\/wp-content\\\/uploads\\\/2021\\\/10\\\/Moulin-de-la-roque-Jean-Michel-Amic.png\",\"contentUrl\":\"https:\\\/\\\/www.la-roque-bandol.com\\\/wp-content\\\/uploads\\\/2021\\\/10\\\/Moulin-de-la-roque-Jean-Michel-Amic.png\",\"width\":300,\"height\":450,\"caption\":\"Jean Michel Amic\"},{\"@type\":\"BreadcrumbList\",\"@id\":\"https:\\\/\\\/www.la-roque-bandol.com\\\/en\\\/jean-michel-amic\\\/#breadcrumb\",\"itemListElement\":[{\"@type\":\"ListItem\",\"position\":1,\"name\":\"Accueil\",\"item\":\"https:\\\/\\\/www.la-roque-bandol.com\\\/en\\\/\"},{\"@type\":\"ListItem\",\"position\":2,\"name\":\"Jean Michel Amic\"}]},{\"@type\":\"WebSite\",\"@id\":\"https:\\\/\\\/www.la-roque-bandol.com\\\/en\\\/#website\",\"url\":\"https:\\\/\\\/www.la-roque-bandol.com\\\/en\\\/\",\"name\":\"Moulin de la Roque\",\"description\":\"\",\"potentialAction\":[{\"@type\":\"SearchAction\",\"target\":{\"@type\":\"EntryPoint\",\"urlTemplate\":\"https:\\\/\\\/www.la-roque-bandol.com\\\/en\\\/?s={search_term_string}\"},\"query-input\":{\"@type\":\"PropertyValueSpecification\",\"valueRequired\":true,\"valueName\":\"search_term_string\"}}],\"inLanguage\":\"en-US\"},{\"@type\":\"Person\",\"@id\":\"https:\\\/\\\/www.la-roque-bandol.com\\\/en\\\/#\\\/schema\\\/person\\\/4f16842becbd1f46c7333bad04e65d79\",\"name\":\"Fabian M\",\"image\":{\"@type\":\"ImageObject\",\"inLanguage\":\"en-US\",\"@id\":\"https:\\\/\\\/secure.gravatar.com\\\/avatar\\\/d501c3847a3f327bce7a1844b5d9fd8fa5fb9a94916ed8fa63208df9d8af3fc7?s=96&d=mm&r=g\",\"url\":\"https:\\\/\\\/secure.gravatar.com\\\/avatar\\\/d501c3847a3f327bce7a1844b5d9fd8fa5fb9a94916ed8fa63208df9d8af3fc7?s=96&d=mm&r=g\",\"contentUrl\":\"https:\\\/\\\/secure.gravatar.com\\\/avatar\\\/d501c3847a3f327bce7a1844b5d9fd8fa5fb9a94916ed8fa63208df9d8af3fc7?s=96&d=mm&r=g\",\"caption\":\"Fabian M\"},\"sameAs\":[\"https:\\\/\\\/www.la-roque-bandol.com\"]}]}<\/script>\n<!-- \/ Yoast SEO plugin. -->","yoast_head_json":{"title":"Jean Michel Amic - Moulin de la Roque","robots":{"index":"index","follow":"follow","max-snippet":"max-snippet:-1","max-image-preview":"max-image-preview:large","max-video-preview":"max-video-preview:-1"},"canonical":"https:\/\/www.la-roque-bandol.com\/en\/jean-michel-amic\/","og_locale":"en_US","og_type":"article","og_title":"Jean Michel Amic - Moulin de la Roque","og_description":"\u00ab\u00a0\u00catre vigneron est pour moi bien plus qu\u2019un m\u00e9tier, c\u2019est une v\u00e9ritable passion. C\u2019est une vocation que j\u2019alimente depuis maintenant quelques ann\u00e9es et qui ne cesse de me surprendre chaque jour. En rejoignant le Moulin de La Roque, j\u2019y ai d\u00e9couvert une v\u00e9ritable famille, et c\u2019est ce que j\u2019aime au sein de cette cave coop\u00e9rative,&hellip;","og_url":"https:\/\/www.la-roque-bandol.com\/en\/jean-michel-amic\/","og_site_name":"Moulin de la Roque","article_published_time":"2021-11-11T10:47:56+00:00","og_image":[{"width":300,"height":450,"url":"https:\/\/www.la-roque-bandol.com\/wp-content\/uploads\/2021\/10\/Moulin-de-la-roque-Jean-Michel-Amic.png","type":"image\/png"}],"author":"Fabian M","twitter_card":"summary_large_image","twitter_misc":{"Written by":"Fabian M","Est. reading time":"1 minute"},"schema":{"@context":"https:\/\/schema.org","@graph":[{"@type":"Article","@id":"https:\/\/www.la-roque-bandol.com\/en\/jean-michel-amic\/#article","isPartOf":{"@id":"https:\/\/www.la-roque-bandol.com\/en\/jean-michel-amic\/"},"author":{"name":"Fabian M","@id":"https:\/\/www.la-roque-bandol.com\/en\/#\/schema\/person\/4f16842becbd1f46c7333bad04e65d79"},"headline":"Jean Michel Amic","datePublished":"2021-11-11T10:47:56+00:00","mainEntityOfPage":{"@id":"https:\/\/www.la-roque-bandol.com\/en\/jean-michel-amic\/"},"wordCount":179,"image":{"@id":"https:\/\/www.la-roque-bandol.com\/en\/jean-michel-amic\/#primaryimage"},"thumbnailUrl":"https:\/\/www.la-roque-bandol.com\/wp-content\/uploads\/2021\/10\/Moulin-de-la-roque-Jean-Michel-Amic.png","articleSection":["Winegrowers Portraits"],"inLanguage":"en-US"},{"@type":"WebPage","@id":"https:\/\/www.la-roque-bandol.com\/en\/jean-michel-amic\/","url":"https:\/\/www.la-roque-bandol.com\/en\/jean-michel-amic\/","name":"Jean Michel Amic - Moulin de la Roque","isPartOf":{"@id":"https:\/\/www.la-roque-bandol.com\/en\/#website"},"primaryImageOfPage":{"@id":"https:\/\/www.la-roque-bandol.com\/en\/jean-michel-amic\/#primaryimage"},"image":{"@id":"https:\/\/www.la-roque-bandol.com\/en\/jean-michel-amic\/#primaryimage"},"thumbnailUrl":"https:\/\/www.la-roque-bandol.com\/wp-content\/uploads\/2021\/10\/Moulin-de-la-roque-Jean-Michel-Amic.png","datePublished":"2021-11-11T10:47:56+00:00","author":{"@id":"https:\/\/www.la-roque-bandol.com\/en\/#\/schema\/person\/4f16842becbd1f46c7333bad04e65d79"},"breadcrumb":{"@id":"https:\/\/www.la-roque-bandol.com\/en\/jean-michel-amic\/#breadcrumb"},"inLanguage":"en-US","potentialAction":[{"@type":"ReadAction","target":["https:\/\/www.la-roque-bandol.com\/en\/jean-michel-amic\/"]}]},{"@type":"ImageObject","inLanguage":"en-US","@id":"https:\/\/www.la-roque-bandol.com\/en\/jean-michel-amic\/#primaryimage","url":"https:\/\/www.la-roque-bandol.com\/wp-content\/uploads\/2021\/10\/Moulin-de-la-roque-Jean-Michel-Amic.png","contentUrl":"https:\/\/www.la-roque-bandol.com\/wp-content\/uploads\/2021\/10\/Moulin-de-la-roque-Jean-Michel-Amic.png","width":300,"height":450,"caption":"Jean Michel Amic"},{"@type":"BreadcrumbList","@id":"https:\/\/www.la-roque-bandol.com\/en\/jean-michel-amic\/#breadcrumb","itemListElement":[{"@type":"ListItem","position":1,"name":"Accueil","item":"https:\/\/www.la-roque-bandol.com\/en\/"},{"@type":"ListItem","position":2,"name":"Jean Michel Amic"}]},{"@type":"WebSite","@id":"https:\/\/www.la-roque-bandol.com\/en\/#website","url":"https:\/\/www.la-roque-bandol.com\/en\/","name":"Moulin de la Roque","description":"","potentialAction":[{"@type":"SearchAction","target":{"@type":"EntryPoint","urlTemplate":"https:\/\/www.la-roque-bandol.com\/en\/?s={search_term_string}"},"query-input":{"@type":"PropertyValueSpecification","valueRequired":true,"valueName":"search_term_string"}}],"inLanguage":"en-US"},{"@type":"Person","@id":"https:\/\/www.la-roque-bandol.com\/en\/#\/schema\/person\/4f16842becbd1f46c7333bad04e65d79","name":"Fabian M","image":{"@type":"ImageObject","inLanguage":"en-US","@id":"https:\/\/secure.gravatar.com\/avatar\/d501c3847a3f327bce7a1844b5d9fd8fa5fb9a94916ed8fa63208df9d8af3fc7?s=96&d=mm&r=g","url":"https:\/\/secure.gravatar.com\/avatar\/d501c3847a3f327bce7a1844b5d9fd8fa5fb9a94916ed8fa63208df9d8af3fc7?s=96&d=mm&r=g","contentUrl":"https:\/\/secure.gravatar.com\/avatar\/d501c3847a3f327bce7a1844b5d9fd8fa5fb9a94916ed8fa63208df9d8af3fc7?s=96&d=mm&r=g","caption":"Fabian M"},"sameAs":["https:\/\/www.la-roque-bandol.com"]}]}},"_links":{"self":[{"href":"https:\/\/www.la-roque-bandol.com\/en\/wp-json\/wp\/v2\/posts\/2921","targetHints":{"allow":["GET"]}}],"collection":[{"href":"https:\/\/www.la-roque-bandol.com\/en\/wp-json\/wp\/v2\/posts"}],"about":[{"href":"https:\/\/www.la-roque-bandol.com\/en\/wp-json\/wp\/v2\/types\/post"}],"author":[{"embeddable":true,"href":"https:\/\/www.la-roque-bandol.com\/en\/wp-json\/wp\/v2\/users\/1"}],"replies":[{"embeddable":true,"href":"https:\/\/www.la-roque-bandol.com\/en\/wp-json\/wp\/v2\/comments?post=2921"}],"version-history":[{"count":0,"href":"https:\/\/www.la-roque-bandol.com\/en\/wp-json\/wp\/v2\/posts\/2921\/revisions"}],"wp:featuredmedia":[{"embeddable":true,"href":"https:\/\/www.la-roque-bandol.com\/en\/wp-json\/wp\/v2\/media\/2505"}],"wp:attachment":[{"href":"https:\/\/www.la-roque-bandol.com\/en\/wp-json\/wp\/v2\/media?parent=2921"}],"wp:term":[{"taxonomy":"category","embeddable":true,"href":"https:\/\/www.la-roque-bandol.com\/en\/wp-json\/wp\/v2\/categories?post=2921"},{"taxonomy":"post_tag","embeddable":true,"href":"https:\/\/www.la-roque-bandol.com\/en\/wp-json\/wp\/v2\/tags?post=2921"}],"curies":[{"name":"wp","href":"https:\/\/api.w.org\/{rel}","templated":true}]}}