{"id":2920,"date":"2021-11-11T11:47:38","date_gmt":"2021-11-11T10:47:38","guid":{"rendered":"https:\/\/www.la-roque-bandol.com\/fred-cercio\/"},"modified":"2021-11-11T11:47:38","modified_gmt":"2021-11-11T10:47:38","slug":"fred-cercio","status":"publish","type":"post","link":"https:\/\/www.la-roque-bandol.com\/en\/fred-cercio\/","title":{"rendered":"Fred Cercio"},"content":{"rendered":"<p>Cette ann\u00e9e, je c\u00e9l\u00e8bre mes 30 ans de carri\u00e8re en tant que vigneron au Moulin de la Roque.<\/p>\n<p>Devenir vigneron \u00e9tait pour moi une \u00e9vidence : mon grand-p\u00e8re aussi \u00e9tait vigneron \u00e0 la cave coop\u00e9rative. C\u2019est lui qui m\u2019a guid\u00e9 dans mon parcours professionnel ; qui m\u2019a appris le travail de la vigne, le respect de la nature, les diff\u00e9rents assemblages qui composent l\u2019AOP Bandol. Je perp\u00e9tue ce travail et ce savoir respectueux de notre terroir.<\/p>\n<p>\u00catre vigneron au Moulin de la Roque est pour moi, bien plus qu&#8217;une passion, c&#8217;est une histoire de famille. En parall\u00e8le de mon activit\u00e9, j\u2019aime partager du temps avec mes animaux. Notamment, avec Narnia avec qui je suis en photo, elle m\u2019accompagne dans les vignes et me procure une source in\u00e9puisable d&#8217;amour et de bonheur.<\/p>\n<p style=\"text-align: right;\">Fred Cercio, coop\u00e9rateur au Moulin de la Roque.<\/p>\n","protected":false},"excerpt":{"rendered":"<p>Cette ann\u00e9e, je c\u00e9l\u00e8bre mes 30 ans de carri\u00e8re en tant que vigneron au Moulin de la Roque. Devenir vigneron \u00e9tait pour moi une \u00e9vidence : mon grand-p\u00e8re aussi \u00e9tait vigneron \u00e0 la cave coop\u00e9rative. C\u2019est lui qui m\u2019a guid\u00e9 dans mon parcours professionnel ; qui m\u2019a appris le travail de la vigne, le respect&hellip;<\/p>\n","protected":false},"author":1,"featured_media":2503,"comment_status":"closed","ping_status":"closed","sticky":false,"template":"portraits-vignerons.php","format":"standard","meta":{"_acf_changed":false,"footnotes":""},"categories":[431],"tags":[],"class_list":["post-2920","post","type-post","status-publish","format-standard","has-post-thumbnail","hentry","category-winegrowers-portraits"],"acf":[],"yoast_head":"<!-- This site is optimized with the Yoast SEO plugin v27.3 - https:\/\/yoast.com\/product\/yoast-seo-wordpress\/ -->\n<title>Fred Cercio - Moulin de la Roque<\/title>\n<meta name=\"robots\" content=\"index, follow, max-snippet:-1, max-image-preview:large, max-video-preview:-1\" \/>\n<link rel=\"canonical\" href=\"https:\/\/www.la-roque-bandol.com\/en\/fred-cercio\/\" \/>\n<meta property=\"og:locale\" content=\"en_US\" \/>\n<meta property=\"og:type\" content=\"article\" \/>\n<meta property=\"og:title\" content=\"Fred Cercio - Moulin de la Roque\" \/>\n<meta property=\"og:description\" content=\"Cette ann\u00e9e, je c\u00e9l\u00e8bre mes 30 ans de carri\u00e8re en tant que vigneron au Moulin de la Roque. Devenir vigneron \u00e9tait pour moi une \u00e9vidence : mon grand-p\u00e8re aussi \u00e9tait vigneron \u00e0 la cave coop\u00e9rative. C\u2019est lui qui m\u2019a guid\u00e9 dans mon parcours professionnel ; qui m\u2019a appris le travail de la vigne, le respect&hellip;\" \/>\n<meta property=\"og:url\" content=\"https:\/\/www.la-roque-bandol.com\/en\/fred-cercio\/\" \/>\n<meta property=\"og:site_name\" content=\"Moulin de la Roque\" \/>\n<meta property=\"article:published_time\" content=\"2021-11-11T10:47:38+00:00\" \/>\n<meta property=\"og:image\" content=\"https:\/\/www.la-roque-bandol.com\/wp-content\/uploads\/2021\/10\/Moulin-de-la-roque-Fred-cercio.png\" \/>\n\t<meta property=\"og:image:width\" content=\"300\" \/>\n\t<meta property=\"og:image:height\" content=\"450\" \/>\n\t<meta property=\"og:image:type\" content=\"image\/png\" \/>\n<meta name=\"author\" content=\"Fabian M\" \/>\n<meta name=\"twitter:card\" content=\"summary_large_image\" \/>\n<meta name=\"twitter:label1\" content=\"Written by\" \/>\n\t<meta name=\"twitter:data1\" content=\"Fabian M\" \/>\n\t<meta name=\"twitter:label2\" content=\"Est. reading time\" \/>\n\t<meta name=\"twitter:data2\" content=\"1 minute\" \/>\n<script type=\"application\/ld+json\" class=\"yoast-schema-graph\">{\"@context\":\"https:\\\/\\\/schema.org\",\"@graph\":[{\"@type\":\"Article\",\"@id\":\"https:\\\/\\\/www.la-roque-bandol.com\\\/en\\\/fred-cercio\\\/#article\",\"isPartOf\":{\"@id\":\"https:\\\/\\\/www.la-roque-bandol.com\\\/en\\\/fred-cercio\\\/\"},\"author\":{\"name\":\"Fabian M\",\"@id\":\"https:\\\/\\\/www.la-roque-bandol.com\\\/en\\\/#\\\/schema\\\/person\\\/4f16842becbd1f46c7333bad04e65d79\"},\"headline\":\"Fred Cercio\",\"datePublished\":\"2021-11-11T10:47:38+00:00\",\"mainEntityOfPage\":{\"@id\":\"https:\\\/\\\/www.la-roque-bandol.com\\\/en\\\/fred-cercio\\\/\"},\"wordCount\":157,\"image\":{\"@id\":\"https:\\\/\\\/www.la-roque-bandol.com\\\/en\\\/fred-cercio\\\/#primaryimage\"},\"thumbnailUrl\":\"https:\\\/\\\/www.la-roque-bandol.com\\\/wp-content\\\/uploads\\\/2021\\\/10\\\/Moulin-de-la-roque-Fred-cercio.png\",\"articleSection\":[\"Winegrowers Portraits\"],\"inLanguage\":\"en-US\"},{\"@type\":\"WebPage\",\"@id\":\"https:\\\/\\\/www.la-roque-bandol.com\\\/en\\\/fred-cercio\\\/\",\"url\":\"https:\\\/\\\/www.la-roque-bandol.com\\\/en\\\/fred-cercio\\\/\",\"name\":\"Fred Cercio - Moulin de la Roque\",\"isPartOf\":{\"@id\":\"https:\\\/\\\/www.la-roque-bandol.com\\\/en\\\/#website\"},\"primaryImageOfPage\":{\"@id\":\"https:\\\/\\\/www.la-roque-bandol.com\\\/en\\\/fred-cercio\\\/#primaryimage\"},\"image\":{\"@id\":\"https:\\\/\\\/www.la-roque-bandol.com\\\/en\\\/fred-cercio\\\/#primaryimage\"},\"thumbnailUrl\":\"https:\\\/\\\/www.la-roque-bandol.com\\\/wp-content\\\/uploads\\\/2021\\\/10\\\/Moulin-de-la-roque-Fred-cercio.png\",\"datePublished\":\"2021-11-11T10:47:38+00:00\",\"author\":{\"@id\":\"https:\\\/\\\/www.la-roque-bandol.com\\\/en\\\/#\\\/schema\\\/person\\\/4f16842becbd1f46c7333bad04e65d79\"},\"breadcrumb\":{\"@id\":\"https:\\\/\\\/www.la-roque-bandol.com\\\/en\\\/fred-cercio\\\/#breadcrumb\"},\"inLanguage\":\"en-US\",\"potentialAction\":[{\"@type\":\"ReadAction\",\"target\":[\"https:\\\/\\\/www.la-roque-bandol.com\\\/en\\\/fred-cercio\\\/\"]}]},{\"@type\":\"ImageObject\",\"inLanguage\":\"en-US\",\"@id\":\"https:\\\/\\\/www.la-roque-bandol.com\\\/en\\\/fred-cercio\\\/#primaryimage\",\"url\":\"https:\\\/\\\/www.la-roque-bandol.com\\\/wp-content\\\/uploads\\\/2021\\\/10\\\/Moulin-de-la-roque-Fred-cercio.png\",\"contentUrl\":\"https:\\\/\\\/www.la-roque-bandol.com\\\/wp-content\\\/uploads\\\/2021\\\/10\\\/Moulin-de-la-roque-Fred-cercio.png\",\"width\":300,\"height\":450,\"caption\":\"Fred Cercio\"},{\"@type\":\"BreadcrumbList\",\"@id\":\"https:\\\/\\\/www.la-roque-bandol.com\\\/en\\\/fred-cercio\\\/#breadcrumb\",\"itemListElement\":[{\"@type\":\"ListItem\",\"position\":1,\"name\":\"Accueil\",\"item\":\"https:\\\/\\\/www.la-roque-bandol.com\\\/en\\\/\"},{\"@type\":\"ListItem\",\"position\":2,\"name\":\"Fred Cercio\"}]},{\"@type\":\"WebSite\",\"@id\":\"https:\\\/\\\/www.la-roque-bandol.com\\\/en\\\/#website\",\"url\":\"https:\\\/\\\/www.la-roque-bandol.com\\\/en\\\/\",\"name\":\"Moulin de la Roque\",\"description\":\"\",\"potentialAction\":[{\"@type\":\"SearchAction\",\"target\":{\"@type\":\"EntryPoint\",\"urlTemplate\":\"https:\\\/\\\/www.la-roque-bandol.com\\\/en\\\/?s={search_term_string}\"},\"query-input\":{\"@type\":\"PropertyValueSpecification\",\"valueRequired\":true,\"valueName\":\"search_term_string\"}}],\"inLanguage\":\"en-US\"},{\"@type\":\"Person\",\"@id\":\"https:\\\/\\\/www.la-roque-bandol.com\\\/en\\\/#\\\/schema\\\/person\\\/4f16842becbd1f46c7333bad04e65d79\",\"name\":\"Fabian M\",\"image\":{\"@type\":\"ImageObject\",\"inLanguage\":\"en-US\",\"@id\":\"https:\\\/\\\/secure.gravatar.com\\\/avatar\\\/d501c3847a3f327bce7a1844b5d9fd8fa5fb9a94916ed8fa63208df9d8af3fc7?s=96&d=mm&r=g\",\"url\":\"https:\\\/\\\/secure.gravatar.com\\\/avatar\\\/d501c3847a3f327bce7a1844b5d9fd8fa5fb9a94916ed8fa63208df9d8af3fc7?s=96&d=mm&r=g\",\"contentUrl\":\"https:\\\/\\\/secure.gravatar.com\\\/avatar\\\/d501c3847a3f327bce7a1844b5d9fd8fa5fb9a94916ed8fa63208df9d8af3fc7?s=96&d=mm&r=g\",\"caption\":\"Fabian M\"},\"sameAs\":[\"https:\\\/\\\/www.la-roque-bandol.com\"]}]}<\/script>\n<!-- \/ Yoast SEO plugin. -->","yoast_head_json":{"title":"Fred Cercio - Moulin de la Roque","robots":{"index":"index","follow":"follow","max-snippet":"max-snippet:-1","max-image-preview":"max-image-preview:large","max-video-preview":"max-video-preview:-1"},"canonical":"https:\/\/www.la-roque-bandol.com\/en\/fred-cercio\/","og_locale":"en_US","og_type":"article","og_title":"Fred Cercio - Moulin de la Roque","og_description":"Cette ann\u00e9e, je c\u00e9l\u00e8bre mes 30 ans de carri\u00e8re en tant que vigneron au Moulin de la Roque. Devenir vigneron \u00e9tait pour moi une \u00e9vidence : mon grand-p\u00e8re aussi \u00e9tait vigneron \u00e0 la cave coop\u00e9rative. C\u2019est lui qui m\u2019a guid\u00e9 dans mon parcours professionnel ; qui m\u2019a appris le travail de la vigne, le respect&hellip;","og_url":"https:\/\/www.la-roque-bandol.com\/en\/fred-cercio\/","og_site_name":"Moulin de la Roque","article_published_time":"2021-11-11T10:47:38+00:00","og_image":[{"width":300,"height":450,"url":"https:\/\/www.la-roque-bandol.com\/wp-content\/uploads\/2021\/10\/Moulin-de-la-roque-Fred-cercio.png","type":"image\/png"}],"author":"Fabian M","twitter_card":"summary_large_image","twitter_misc":{"Written by":"Fabian M","Est. reading time":"1 minute"},"schema":{"@context":"https:\/\/schema.org","@graph":[{"@type":"Article","@id":"https:\/\/www.la-roque-bandol.com\/en\/fred-cercio\/#article","isPartOf":{"@id":"https:\/\/www.la-roque-bandol.com\/en\/fred-cercio\/"},"author":{"name":"Fabian M","@id":"https:\/\/www.la-roque-bandol.com\/en\/#\/schema\/person\/4f16842becbd1f46c7333bad04e65d79"},"headline":"Fred Cercio","datePublished":"2021-11-11T10:47:38+00:00","mainEntityOfPage":{"@id":"https:\/\/www.la-roque-bandol.com\/en\/fred-cercio\/"},"wordCount":157,"image":{"@id":"https:\/\/www.la-roque-bandol.com\/en\/fred-cercio\/#primaryimage"},"thumbnailUrl":"https:\/\/www.la-roque-bandol.com\/wp-content\/uploads\/2021\/10\/Moulin-de-la-roque-Fred-cercio.png","articleSection":["Winegrowers Portraits"],"inLanguage":"en-US"},{"@type":"WebPage","@id":"https:\/\/www.la-roque-bandol.com\/en\/fred-cercio\/","url":"https:\/\/www.la-roque-bandol.com\/en\/fred-cercio\/","name":"Fred Cercio - Moulin de la Roque","isPartOf":{"@id":"https:\/\/www.la-roque-bandol.com\/en\/#website"},"primaryImageOfPage":{"@id":"https:\/\/www.la-roque-bandol.com\/en\/fred-cercio\/#primaryimage"},"image":{"@id":"https:\/\/www.la-roque-bandol.com\/en\/fred-cercio\/#primaryimage"},"thumbnailUrl":"https:\/\/www.la-roque-bandol.com\/wp-content\/uploads\/2021\/10\/Moulin-de-la-roque-Fred-cercio.png","datePublished":"2021-11-11T10:47:38+00:00","author":{"@id":"https:\/\/www.la-roque-bandol.com\/en\/#\/schema\/person\/4f16842becbd1f46c7333bad04e65d79"},"breadcrumb":{"@id":"https:\/\/www.la-roque-bandol.com\/en\/fred-cercio\/#breadcrumb"},"inLanguage":"en-US","potentialAction":[{"@type":"ReadAction","target":["https:\/\/www.la-roque-bandol.com\/en\/fred-cercio\/"]}]},{"@type":"ImageObject","inLanguage":"en-US","@id":"https:\/\/www.la-roque-bandol.com\/en\/fred-cercio\/#primaryimage","url":"https:\/\/www.la-roque-bandol.com\/wp-content\/uploads\/2021\/10\/Moulin-de-la-roque-Fred-cercio.png","contentUrl":"https:\/\/www.la-roque-bandol.com\/wp-content\/uploads\/2021\/10\/Moulin-de-la-roque-Fred-cercio.png","width":300,"height":450,"caption":"Fred Cercio"},{"@type":"BreadcrumbList","@id":"https:\/\/www.la-roque-bandol.com\/en\/fred-cercio\/#breadcrumb","itemListElement":[{"@type":"ListItem","position":1,"name":"Accueil","item":"https:\/\/www.la-roque-bandol.com\/en\/"},{"@type":"ListItem","position":2,"name":"Fred Cercio"}]},{"@type":"WebSite","@id":"https:\/\/www.la-roque-bandol.com\/en\/#website","url":"https:\/\/www.la-roque-bandol.com\/en\/","name":"Moulin de la Roque","description":"","potentialAction":[{"@type":"SearchAction","target":{"@type":"EntryPoint","urlTemplate":"https:\/\/www.la-roque-bandol.com\/en\/?s={search_term_string}"},"query-input":{"@type":"PropertyValueSpecification","valueRequired":true,"valueName":"search_term_string"}}],"inLanguage":"en-US"},{"@type":"Person","@id":"https:\/\/www.la-roque-bandol.com\/en\/#\/schema\/person\/4f16842becbd1f46c7333bad04e65d79","name":"Fabian M","image":{"@type":"ImageObject","inLanguage":"en-US","@id":"https:\/\/secure.gravatar.com\/avatar\/d501c3847a3f327bce7a1844b5d9fd8fa5fb9a94916ed8fa63208df9d8af3fc7?s=96&d=mm&r=g","url":"https:\/\/secure.gravatar.com\/avatar\/d501c3847a3f327bce7a1844b5d9fd8fa5fb9a94916ed8fa63208df9d8af3fc7?s=96&d=mm&r=g","contentUrl":"https:\/\/secure.gravatar.com\/avatar\/d501c3847a3f327bce7a1844b5d9fd8fa5fb9a94916ed8fa63208df9d8af3fc7?s=96&d=mm&r=g","caption":"Fabian M"},"sameAs":["https:\/\/www.la-roque-bandol.com"]}]}},"_links":{"self":[{"href":"https:\/\/www.la-roque-bandol.com\/en\/wp-json\/wp\/v2\/posts\/2920","targetHints":{"allow":["GET"]}}],"collection":[{"href":"https:\/\/www.la-roque-bandol.com\/en\/wp-json\/wp\/v2\/posts"}],"about":[{"href":"https:\/\/www.la-roque-bandol.com\/en\/wp-json\/wp\/v2\/types\/post"}],"author":[{"embeddable":true,"href":"https:\/\/www.la-roque-bandol.com\/en\/wp-json\/wp\/v2\/users\/1"}],"replies":[{"embeddable":true,"href":"https:\/\/www.la-roque-bandol.com\/en\/wp-json\/wp\/v2\/comments?post=2920"}],"version-history":[{"count":0,"href":"https:\/\/www.la-roque-bandol.com\/en\/wp-json\/wp\/v2\/posts\/2920\/revisions"}],"wp:featuredmedia":[{"embeddable":true,"href":"https:\/\/www.la-roque-bandol.com\/en\/wp-json\/wp\/v2\/media\/2503"}],"wp:attachment":[{"href":"https:\/\/www.la-roque-bandol.com\/en\/wp-json\/wp\/v2\/media?parent=2920"}],"wp:term":[{"taxonomy":"category","embeddable":true,"href":"https:\/\/www.la-roque-bandol.com\/en\/wp-json\/wp\/v2\/categories?post=2920"},{"taxonomy":"post_tag","embeddable":true,"href":"https:\/\/www.la-roque-bandol.com\/en\/wp-json\/wp\/v2\/tags?post=2920"}],"curies":[{"name":"wp","href":"https:\/\/api.w.org\/{rel}","templated":true}]}}